{"id":13116,"date":"2024-03-22T02:36:00","date_gmt":"2024-03-22T02:36:00","guid":{"rendered":"https:\/\/noticiasdestaque.com.br\/index.php\/2024\/03\/22\/fortes-chuvas-devem-atingir-sudeste-e-sul-do-pais-com-chegada-de-frente-fria-alerta-inmet\/"},"modified":"2024-03-22T02:36:00","modified_gmt":"2024-03-22T02:36:00","slug":"fortes-chuvas-devem-atingir-sudeste-e-sul-do-pais-com-chegada-de-frente-fria-alerta-inmet","status":"publish","type":"post","link":"https:\/\/noticiasdestaque.com.br\/index.php\/2024\/03\/22\/fortes-chuvas-devem-atingir-sudeste-e-sul-do-pais-com-chegada-de-frente-fria-alerta-inmet\/","title":{"rendered":"Fortes chuvas devem atingir Sudeste e Sul do pa\u00eds com chegada de frente fria, alerta Inmet"},"content":{"rendered":"<p>O Sul do Brasil est\u00e1 em alerta para a aproxima\u00e7\u00e3o de uma frente fria que deve atingir a regi\u00e3o ao longo dos pr\u00f3ximos dias. A condi\u00e7\u00e3o foi informada pelo Instituto Nacional de Meteorologia (Inmet), que aponta que a situa\u00e7\u00e3o pode aumentar o volume de chuvas, principalmente no Rio Grande do Sul. Os acumulados podem oscilar entre 80 e 100 mil\u00edmetros em \u00e1reas do sul do estado ga\u00facho. <\/p>\n<p>A Defesa Civil do Rio Grande do Sul alerta para chuvas e ventos pontualmente fortes com descargas el\u00e9tricas e eventual queda de granizo para todo o estado. At\u00e9 o fim da semana, a previs\u00e3o \u00e9 de que sejam registrados temporais, com queda de granizo em pontos isolados, al\u00e9m de rajadas de vento que podem atingir 80 km\/h, no Rio Grande do Sul. A mesma intensidade de vento tamb\u00e9m deve ocorrer em \u00e1reas de Santa Catarina e do Paran\u00e1. <\/p>\n<\/p>\n<p>A regi\u00e3o Sudeste tamb\u00e9m apresenta riscos de temporais. Para o estado de  S\u00e3o Paulo, a Defesa Civil destaca que, na Baixada Santista a chuvas devem chegar a 180 mil\u00edmetros. Para regi\u00f5es da Serra da Mantiqueira, Regi\u00e3o Metropolitana de S\u00e3o Paulo, Vale do Ribeira e Itapeva, os acumulados devem chega a 100mil\u00edmetros. J\u00e1 em Minas Gerais, as chuvas devem ser mais intensas em \u00e1reas nas localidades do Sul de Minas, Campo das Vertentes e Zona da Mata mineira \u2014 incluindo munic\u00edpios como Leopoldina, Goian\u00e1 e Juiz de Fora, por exemplo. <\/p>\n<p>Para esta sexta-feira (22), a instabilidade pr\u00e9-frontal tamb\u00e9m deve refor\u00e7ar a condi\u00e7\u00e3o para fortes chuvas, com temporais localizados, em \u00e1reas das regi\u00f5es Sudeste e Centro-Oeste. No s\u00e1bado (23), o avan\u00e7o da frente fria pelo leste da regi\u00e3o Sudeste deve provocar volumes de chuva em torno dos 70 mil\u00edmetros. \n <\/p>\n<\/p>\n<p> Fonte: Brasil61<\/p>\n<input type=\"hidden\" id=\"baseurl\" value=\"https:\/\/noticiasdestaque.com.br\"><input type=\"hidden\" id=\"audio_nonce\" value=\"6f73a554f1\">","protected":false},"excerpt":{"rendered":"<p>Est\u00e1 prevista ainda a queda de granizo, al\u00e9m de rajadas de vento que podem atingir 80 km\/h<\/p>\n","protected":false},"author":1,"featured_media":13118,"comment_status":"open","ping_status":"open","sticky":false,"template":"","format":"standard","meta":{"fifu_image_url":"","fifu_image_alt":"","footnotes":""},"categories":[1],"tags":[],"class_list":["post-13116","post","type-post","status-publish","format-standard","has-post-thumbnail","hentry","category-uncategorized"],"distributor_meta":false,"distributor_terms":false,"distributor_media":false,"distributor_original_site_name":"Noticias em Destaque","distributor_original_site_url":"https:\/\/noticiasdestaque.com.br","push-errors":false,"_links":{"self":[{"href":"https:\/\/noticiasdestaque.com.br\/index.php\/wp-json\/wp\/v2\/posts\/13116","targetHints":{"allow":["GET"]}}],"collection":[{"href":"https:\/\/noticiasdestaque.com.br\/index.php\/wp-json\/wp\/v2\/posts"}],"about":[{"href":"https:\/\/noticiasdestaque.com.br\/index.php\/wp-json\/wp\/v2\/types\/post"}],"author":[{"embeddable":true,"href":"https:\/\/noticiasdestaque.com.br\/index.php\/wp-json\/wp\/v2\/users\/1"}],"replies":[{"embeddable":true,"href":"https:\/\/noticiasdestaque.com.br\/index.php\/wp-json\/wp\/v2\/comments?post=13116"}],"version-history":[{"count":1,"href":"https:\/\/noticiasdestaque.com.br\/index.php\/wp-json\/wp\/v2\/posts\/13116\/revisions"}],"predecessor-version":[{"id":13117,"href":"https:\/\/noticiasdestaque.com.br\/index.php\/wp-json\/wp\/v2\/posts\/13116\/revisions\/13117"}],"wp:featuredmedia":[{"embeddable":true,"href":"https:\/\/noticiasdestaque.com.br\/index.php\/wp-json\/wp\/v2\/media\/13118"}],"wp:attachment":[{"href":"https:\/\/noticiasdestaque.com.br\/index.php\/wp-json\/wp\/v2\/media?parent=13116"}],"wp:term":[{"taxonomy":"category","embeddable":true,"href":"https:\/\/noticiasdestaque.com.br\/index.php\/wp-json\/wp\/v2\/categories?post=13116"},{"taxonomy":"post_tag","embeddable":true,"href":"https:\/\/noticiasdestaque.com.br\/index.php\/wp-json\/wp\/v2\/tags?post=13116"}],"curies":[{"name":"wp","href":"https:\/\/api.w.org\/{rel}","templated":true}]}}