{"id":13069,"date":"2024-03-21T17:21:00","date_gmt":"2024-03-21T17:21:00","guid":{"rendered":"https:\/\/noticiasdestaque.com.br\/index.php\/2024\/03\/21\/caravana-da-sudeco-mato-grosso-do-sul-recebera-r-bilhoes-em-credito-do-fundo-constitucional-do-centro-oeste\/"},"modified":"2024-03-21T17:21:00","modified_gmt":"2024-03-21T17:21:00","slug":"caravana-da-sudeco-mato-grosso-do-sul-recebera-r-bilhoes-em-credito-do-fundo-constitucional-do-centro-oeste","status":"publish","type":"post","link":"https:\/\/noticiasdestaque.com.br\/index.php\/2024\/03\/21\/caravana-da-sudeco-mato-grosso-do-sul-recebera-r-bilhoes-em-credito-do-fundo-constitucional-do-centro-oeste\/","title":{"rendered":"Caravana da Sudeco: Mato Grosso do Sul receber\u00e1 R$ 2,4 bilh\u00f5es em cr\u00e9dito do\u00a0Fundo Constitucional do Centro-Oeste"},"content":{"rendered":"<p data-pm-slice=\"0 0 []\">O ministro da Integra\u00e7\u00e3o e do Desenvolvimento Regional (MIDR), Waldez G\u00f3es, anunciou, nesta quarta-feira (20), R$ 2,4 bilh\u00f5es do Fundo Constitucional do Centro-Oeste (FCO) em cr\u00e9dito para o Mato Grosso do Sul. O an\u00fancio foi feito durante a inaugura\u00e7\u00e3o da Caravana da Superintend\u00eancia do Desenvolvimento do Centro-Oeste (Sudeco) 2024. Do total liberado, R$ 1 bilh\u00e3o ser\u00e3o direcionados para microcr\u00e9ditos destinados a mulheres empreendedoras e projetos de irriga\u00e7\u00e3o.<\/p>\n<p>\u201cA Caravana da Sudeco acaba de anunciar a aloca\u00e7\u00e3o de R$ 2,4 bilh\u00f5es, por meio do Fundo Constitucional do Centro-Oeste, para o ano de 2024, no Mato Grosso do Sul. A participa\u00e7\u00e3o dos pequenos \u00e9 crucial em todo o processo de desenvolvimento, visando diminuir as desigualdades e proporcionar acesso ao cr\u00e9dito para todos que necessitam\u201d, destacou o ministro Waldez G\u00f3es.<\/p>\n<p>Em sua fala, a superintendente da Sudeco, Rose Modesto, enfatizou a import\u00e2ncia da Caravana para o desenvolvimento regional.  \u201cO suporte ao microempreendedor \u00e9 uma vantagem adicional para que voc\u00ea possa acessar os recursos do microcr\u00e9dito. Pela primeira vez, estamos direcionando R$ 1 bilh\u00e3o de reais do FCO exclusivamente para atender \u00e0s microempresas, o que representa um marco hist\u00f3rico. Este \u00e9 um passo inicial significativo. Estou confiante de que nos pr\u00f3ximos anos continuaremos avan\u00e7ando nesse sentido\u201d, acrescentou a superintendente.<\/p>\n<p>Durante o evento, os participantes tiveram acesso a orienta\u00e7\u00f5es sobre o Fundo Constitucional de Financiamento do Centro-Oeste (FCO), Fundo do Desenvolvimento do Centro-Oeste (FDCO), oficinas sobre conv\u00eanios, \u00e0 palestra do Sebrae \u201cFCO na pr\u00e1tica: Aprenda como obter cr\u00e9dito e impulsionar o seu neg\u00f3cio\u201d, palestras diversas e atendimento ao p\u00fablico.<\/p>\n<p><strong>A Caravana<\/strong><\/p>\n<p>A Caravana da Sudeco tem como objetivo promover o acesso ao cr\u00e9dito para empreendedores de pequeno porte, microempresas e empresas de menor porte, por meio de orienta\u00e7\u00f5es sobre os fundos de financiamento da Autarquia e tamb\u00e9m passar\u00e1 por outras cidades do Centro-Oeste e do Distrito Federal ao longo deste semestre.<\/p>\n<p>Em 2023, a Caravana percorreu Mato Grosso do Sul, Mato Grosso e Goi\u00e1s, lan\u00e7ando novas linhas de financiamento do Fundo Constitucional de Financiamento do Centro-Oeste: FCO Mulher Empreendedora, FCO Irriga\u00e7\u00e3o e FCO Leite.<\/p>\n<p>Neste ano, o foco permanece na promo\u00e7\u00e3o do desenvolvimento local, estimulando a cria\u00e7\u00e3o de empregos e renda na regi\u00e3o e oferecendo orienta\u00e7\u00f5es para que os empres\u00e1rios locais possam acessar o cr\u00e9dito de forma mais eficaz.<\/p>\n<p>O evento contou com a presen\u00e7a de representantes da Sudeco, do Governo Federal, do Governo Estadual, das prefeituras de Campo Grande e Dourados, do Sebrae, do Banco do Brasil, do Sicredi, do Sicoob, do Cressol, do BRDE, e diversas organiza\u00e7\u00f5es locais, como a Associa\u00e7\u00e3o Comercial e Industrial de Campo Grande (ACICG), a Federa\u00e7\u00e3o das Associa\u00e7\u00f5es Empresariais de Mato Grosso do Sul (FAEMS), a Associa\u00e7\u00e3o dos Munic\u00edpios de Mato Grosso do Sul (Assomasul) e a Associa\u00e7\u00e3o dos Vendedores Ambulantes de Campo Grande.<\/p>\n<p>Confira a programa\u00e7\u00e3o completa da Caravana da Sudeco <a data-tippreview-enabled=\"false\" data-tippreview-image=\"\" data-tippreview-title=\"\" href=\"http:\/\/www.gov.br\/sudeco\/pt-br\/assuntos\/caravana-da-sudeco\" target=\"_blank\" title=\"\">aqui<\/a>.<\/p>\n<p>Fonte: MIDR<\/p>\n<p> Fonte: Brasil61<\/p>\n<input type=\"hidden\" id=\"baseurl\" value=\"https:\/\/noticiasdestaque.com.br\"><input type=\"hidden\" id=\"audio_nonce\" value=\"6a24ca502e\">","protected":false},"excerpt":{"rendered":"<p>An\u00fancio foi feito pelo ministro da Integra\u00e7\u00e3o e do Desenvolvimento Regional, Waldez G\u00f3es, nesta quarta-feira (20). Desse total, R$ 1 bilh\u00e3o ser\u00e3o direcionados para microcr\u00e9ditos a mulheres empreendedoras e projetos de irriga\u00e7\u00e3o<\/p>\n","protected":false},"author":1,"featured_media":13071,"comment_status":"open","ping_status":"open","sticky":false,"template":"","format":"standard","meta":{"fifu_image_url":"","fifu_image_alt":"","footnotes":""},"categories":[1],"tags":[106],"class_list":["post-13069","post","type-post","status-publish","format-standard","has-post-thumbnail","hentry","category-uncategorized","tag-brunna-pareja"],"distributor_meta":false,"distributor_terms":false,"distributor_media":false,"distributor_original_site_name":"Noticias em Destaque","distributor_original_site_url":"https:\/\/noticiasdestaque.com.br","push-errors":false,"_links":{"self":[{"href":"https:\/\/noticiasdestaque.com.br\/index.php\/wp-json\/wp\/v2\/posts\/13069","targetHints":{"allow":["GET"]}}],"collection":[{"href":"https:\/\/noticiasdestaque.com.br\/index.php\/wp-json\/wp\/v2\/posts"}],"about":[{"href":"https:\/\/noticiasdestaque.com.br\/index.php\/wp-json\/wp\/v2\/types\/post"}],"author":[{"embeddable":true,"href":"https:\/\/noticiasdestaque.com.br\/index.php\/wp-json\/wp\/v2\/users\/1"}],"replies":[{"embeddable":true,"href":"https:\/\/noticiasdestaque.com.br\/index.php\/wp-json\/wp\/v2\/comments?post=13069"}],"version-history":[{"count":1,"href":"https:\/\/noticiasdestaque.com.br\/index.php\/wp-json\/wp\/v2\/posts\/13069\/revisions"}],"predecessor-version":[{"id":13070,"href":"https:\/\/noticiasdestaque.com.br\/index.php\/wp-json\/wp\/v2\/posts\/13069\/revisions\/13070"}],"wp:featuredmedia":[{"embeddable":true,"href":"https:\/\/noticiasdestaque.com.br\/index.php\/wp-json\/wp\/v2\/media\/13071"}],"wp:attachment":[{"href":"https:\/\/noticiasdestaque.com.br\/index.php\/wp-json\/wp\/v2\/media?parent=13069"}],"wp:term":[{"taxonomy":"category","embeddable":true,"href":"https:\/\/noticiasdestaque.com.br\/index.php\/wp-json\/wp\/v2\/categories?post=13069"},{"taxonomy":"post_tag","embeddable":true,"href":"https:\/\/noticiasdestaque.com.br\/index.php\/wp-json\/wp\/v2\/tags?post=13069"}],"curies":[{"name":"wp","href":"https:\/\/api.w.org\/{rel}","templated":true}]}}