{"id":13066,"date":"2024-03-21T16:51:00","date_gmt":"2024-03-21T16:51:00","guid":{"rendered":"https:\/\/noticiasdestaque.com.br\/index.php\/2024\/03\/21\/dia-mundial-da-agua-conheca-as-acoes-em-seguranca-hidrica-promovidas-pelo-midr\/"},"modified":"2024-03-21T16:51:00","modified_gmt":"2024-03-21T16:51:00","slug":"dia-mundial-da-agua-conheca-as-acoes-em-seguranca-hidrica-promovidas-pelo-midr","status":"publish","type":"post","link":"https:\/\/noticiasdestaque.com.br\/index.php\/2024\/03\/21\/dia-mundial-da-agua-conheca-as-acoes-em-seguranca-hidrica-promovidas-pelo-midr\/","title":{"rendered":"Dia Mundial da \u00c1gua: conhe\u00e7a as a\u00e7\u00f5es em Seguran\u00e7a H\u00eddrica promovidas pelo MIDR"},"content":{"rendered":"<p>Nesta sexta-feira (22), ser\u00e1 comemorado o Dia Mundial da \u00c1gua, tema bastante discutido internacionalmente. Um bem comum que precisa ser preservado e distribu\u00eddo para as popula\u00e7\u00f5es em condi\u00e7\u00f5es de vulnerabilidade. Neste ano, o slogan do Dia Mundial da \u00c1gua \u00e9 \u201c\u00c1gua nos une, Clima nos move\u201d. Dentro do Minist\u00e9rio da Integra\u00e7\u00e3o e do Desenvolvimento Regional (MIDR), cabe \u00e0 Secretaria Nacional de Seguran\u00e7a H\u00eddrica (SNSH) a responsabilidade de levar \u00e1gua a quem mais precisa.<\/p>\n<p>O MIDR \u00e9 respons\u00e1vel pelo Programa de Integra\u00e7\u00e3o do Rio S\u00e3o Francisco, o PISF, mais conhecido como transposi\u00e7\u00e3o do Rio S\u00e3o Francisco, e suas obras acess\u00f3rias para as cidades dos estados do Cear\u00e1, Para\u00edba, Pernambuco e Rio Grande do Norte, e tamb\u00e9m medidas de revitaliza\u00e7\u00e3o de bacias e barragens hidrogr\u00e1ficas.<\/p>\n<p>A Pasta tamb\u00e9m \u00e9 respons\u00e1vel por a\u00e7\u00f5es que est\u00e3o no escopo do Programa \u00c1gua Doce, que tem o objetivo estabelecer uma pol\u00edtica p\u00fablica permanente de acesso \u00e0 \u00e1gua de qualidade para consumo humano por meio do aproveitamento sustent\u00e1vel de \u00e1guas subterr\u00e2neas, incorporando cuidados t\u00e9cnicos, ambientais e sociais na implanta\u00e7\u00e3o e gest\u00e3o de sistemas de dessaliniza\u00e7\u00e3o no semi\u00e1rido brasileiro, transformando \u00e1guas salubres em pot\u00e1veis, por meio de sistemas de dessaliniza\u00e7\u00e3o.<\/p>\n<p>O secret\u00e1rio Nacional de Seguran\u00e7a H\u00eddrica, Giuseppe Vieira, explicou as pol\u00edticas p\u00fablicas do MIDR para minimizar a escassez h\u00eddrica em determinadas regi\u00f5es do Pa\u00eds. Confira a seguir:<\/p>\n<p><strong>O que o senhor acha da import\u00e2ncia de um dia como esse para reflex\u00e3o sobre o uso racional da \u00e1gua?<\/strong><\/p>\n<p><b>Giuseppe Vieira &#8211;<\/b> O Dia Mundial da \u00c1gua \u00e9 de extrema import\u00e2ncia para que os cidad\u00e3os sejam sempre vigilantes, cuidadosos com a preserva\u00e7\u00e3o da \u00e1gua como um recurso t\u00e3o importante e finito. Ent\u00e3o, se n\u00e3o tivermos um cuidado com o recurso h\u00eddrico no bom uso e na sua conserva\u00e7\u00e3o, corremos o risco de que a \u00e1gua n\u00e3o esteja em condi\u00e7\u00e3o adequada para o seu consumo, pelos n\u00edveis de polui\u00e7\u00e3o, ou por passarmos por um grande per\u00edodo de escassez. Neste Dia Mundial da \u00c1gua \u00e9 importante reiterar o compromisso de toda a sociedade com a gest\u00e3o eficiente do recurso h\u00eddrico, com cuidado e zelo, para que a \u00e1gua continue sendo um bem dispon\u00edvel para todos n\u00f3s.<\/p>\n<p><strong>Voc\u00ea, que est\u00e1 h\u00e1 mais de um ano na Secretaria Nacional de Seguran\u00e7a H\u00eddrica, j\u00e1 passou por alguns lugares do pa\u00eds que nunca tinham recebido \u00e1gua pot\u00e1vel. Como \u00e9 a sensa\u00e7\u00e3o de fornecer \u00e1gua pot\u00e1vel para quem nunca teve?<\/strong><\/p>\n<p><b>Giuseppe Vieira &#8211; <\/b>\u00c9 dif\u00edcil mensurar a import\u00e2ncia da \u00e1gua na vida de qualquer pessoa. Estamos acostumados a ter \u00e1gua \u00e0 nossa disposi\u00e7\u00e3o nas grandes cidades, contudo visitamos tantas comunidades que, para terem \u00e1gua para o seu consumo e uso dom\u00e9stico, enfrentam muita dificuldade. Mas, por meio do Novo PAC, vamos transformando essa realidade. Temos grandes obras e, em paralelo, diversos outros investimentos feitos pelo MIDR em sistemas de abastecimento de \u00e1gua para essas comunidades dispersas que, at\u00e9 ent\u00e3o, n\u00e3o tinham uma seguran\u00e7a h\u00eddrica garantida, ou seja, n\u00e3o tinham \u00e1gua na torneira. V\u00e1rias fam\u00edlias j\u00e1 foram contempladas com o sistema de abastecimento, cito como exemplo o caso das parcerias firmadas com os estados do Cear\u00e1, Pernambuco e Para\u00edba.<\/p>\n<p><strong>O MIDR tamb\u00e9m trabalha com irriga\u00e7\u00e3o, onde s\u00e3o reconhecidos polos de agricultura irrigada em parceria com os estados e munic\u00edpios. Fale da import\u00e2ncia deles e como funciona essa parceria.<\/strong><\/p>\n<p><b>Giuseppe Vieira &#8211;<\/b> \u00c9 um ato de reconhecimento do Polo que, na verdade, \u00e9 um sistema de organiza\u00e7\u00e3o que \u00e9 promovido pelo MIDR junto aos produtores, que exercem a atividade da agricultura irrigada para que a gente coloque toda a estrutura do Governo Federal com o objetivo de viabilizar cada vez mais a expans\u00e3o da atividade de forma sustent\u00e1vel, com efici\u00eancia e gerenciamento do recurso h\u00eddrico. Nessa l\u00f3gica, n\u00f3s temos avan\u00e7ado na cria\u00e7\u00e3o de alguns polos e estamos trabalhando para o reconhecimento de um na Bahia e outro em Tocantins. \u00c9 um esfor\u00e7o que o minist\u00e9rio tem feito para promover ainda mais a atividade da agricultura irrigada, visando que a sua pr\u00e1tica sustent\u00e1vel continue sendo um grande pilar de desenvolvimento, gera\u00e7\u00e3o de renda, emprego e produ\u00e7\u00e3o de alimentos sem a necessidade de abertura de novas fronteiras agr\u00edcolas, ou seja, sem a necessidade de promover desmatamento.<\/p>\n<p><strong>Um aspecto que o presidente Lula tamb\u00e9m sempre fala, \u00e9 sobre a gest\u00e3o dos empreendimentos e da revitaliza\u00e7\u00e3o de bacias hidrogr\u00e1ficas. Pode nos explicar como ela \u00e9 feita.<\/strong><\/p>\n<p><strong>Giuseppe Vieira &#8211; <\/strong>Foi contemplado no Novo PAC o Eixo do \u00c1gua Para Todos. Dentro desse eixo, existem alguns subeixos, como \u00e9 o caso da infraestrutura h\u00eddrica, da Transposi\u00e7\u00e3o do Rio S\u00e3o Francisco, seus ramais e obras associados. Por\u00e9m, conforme diz o Presidente da Rep\u00fablica, do que adianta termos um investimento t\u00e3o grande em obras de estrutura h\u00eddrica se n\u00e3o garantirmos que continue existindo recurso h\u00eddrico para ser disponibilizado por meio dessas obras? Pensando nisso, foi direcionado tamb\u00e9m um subeixo para o NOVO PAC, que \u00e9 a revitaliza\u00e7\u00e3o de bacias. Para que continuemos tendo \u00e1gua em quantidade e qualidade devemos cuidar dos nossos mananciais e serem feitos investimentos em pr\u00e1ticas conservacionistas nas nossas bacias.<\/p>\n<p>Al\u00e9m disso, temos os Comit\u00eas de Contas das Bacias dos Rios S\u00e3o Francisco e Parna\u00edba e das Bacias de Furnas, coordenados pelo MIDR, que garantem a participa\u00e7\u00e3o de v\u00e1rias outras pastas que partilham a agenda do recurso h\u00eddrico na execu\u00e7\u00e3o das suas pol\u00edticas p\u00fablicas. O objetivo \u00e9 viabilizar a aplica\u00e7\u00e3o de recursos para a\u00e7\u00f5es de revitaliza\u00e7\u00e3o e obras de estrutura, que garantam a recarga nos recursos h\u00eddricos e uma melhor flexibilidade operativa dos reservat\u00f3rios.<\/p>\n<p>Fonte: MIDR<\/p>\n<p> Fonte: Brasil61<\/p>\n<input type=\"hidden\" id=\"baseurl\" value=\"https:\/\/noticiasdestaque.com.br\"><input type=\"hidden\" id=\"audio_nonce\" value=\"6a24ca502e\">","protected":false},"excerpt":{"rendered":"<p>Secret\u00e1rio Giuseppe Viera fala sobre a data e explica pol\u00edticas p\u00fablicas para levar \u00e1gua em qualidade e quantidade para a popula\u00e7\u00e3o que mais precisa<\/p>\n","protected":false},"author":1,"featured_media":13068,"comment_status":"open","ping_status":"open","sticky":false,"template":"","format":"standard","meta":{"fifu_image_url":"","fifu_image_alt":"","footnotes":""},"categories":[1],"tags":[106],"class_list":["post-13066","post","type-post","status-publish","format-standard","has-post-thumbnail","hentry","category-uncategorized","tag-brunna-pareja"],"distributor_meta":false,"distributor_terms":false,"distributor_media":false,"distributor_original_site_name":"Noticias em Destaque","distributor_original_site_url":"https:\/\/noticiasdestaque.com.br","push-errors":false,"_links":{"self":[{"href":"https:\/\/noticiasdestaque.com.br\/index.php\/wp-json\/wp\/v2\/posts\/13066","targetHints":{"allow":["GET"]}}],"collection":[{"href":"https:\/\/noticiasdestaque.com.br\/index.php\/wp-json\/wp\/v2\/posts"}],"about":[{"href":"https:\/\/noticiasdestaque.com.br\/index.php\/wp-json\/wp\/v2\/types\/post"}],"author":[{"embeddable":true,"href":"https:\/\/noticiasdestaque.com.br\/index.php\/wp-json\/wp\/v2\/users\/1"}],"replies":[{"embeddable":true,"href":"https:\/\/noticiasdestaque.com.br\/index.php\/wp-json\/wp\/v2\/comments?post=13066"}],"version-history":[{"count":1,"href":"https:\/\/noticiasdestaque.com.br\/index.php\/wp-json\/wp\/v2\/posts\/13066\/revisions"}],"predecessor-version":[{"id":13067,"href":"https:\/\/noticiasdestaque.com.br\/index.php\/wp-json\/wp\/v2\/posts\/13066\/revisions\/13067"}],"wp:featuredmedia":[{"embeddable":true,"href":"https:\/\/noticiasdestaque.com.br\/index.php\/wp-json\/wp\/v2\/media\/13068"}],"wp:attachment":[{"href":"https:\/\/noticiasdestaque.com.br\/index.php\/wp-json\/wp\/v2\/media?parent=13066"}],"wp:term":[{"taxonomy":"category","embeddable":true,"href":"https:\/\/noticiasdestaque.com.br\/index.php\/wp-json\/wp\/v2\/categories?post=13066"},{"taxonomy":"post_tag","embeddable":true,"href":"https:\/\/noticiasdestaque.com.br\/index.php\/wp-json\/wp\/v2\/tags?post=13066"}],"curies":[{"name":"wp","href":"https:\/\/api.w.org\/{rel}","templated":true}]}}