{"id":13034,"date":"2024-03-20T15:29:00","date_gmt":"2024-03-20T15:29:00","guid":{"rendered":"https:\/\/noticiasdestaque.com.br\/index.php\/2024\/03\/20\/alagoas-participa-na-definicao-de-politicas-publicas-para-a-cultura-nacional\/"},"modified":"2024-03-20T15:29:00","modified_gmt":"2024-03-20T15:29:00","slug":"alagoas-participa-na-definicao-de-politicas-publicas-para-a-cultura-nacional","status":"publish","type":"post","link":"https:\/\/noticiasdestaque.com.br\/index.php\/2024\/03\/20\/alagoas-participa-na-definicao-de-politicas-publicas-para-a-cultura-nacional\/","title":{"rendered":"Alagoas participa na defini\u00e7\u00e3o de pol\u00edticas p\u00fablicas para a cultura nacional"},"content":{"rendered":"<p>Uma delega\u00e7\u00e3o formada por 48 representantes do setor cultural de Alagoas esteve em Bras\u00edlia na \u00faltima semana, participando da quarta Confer\u00eancia Nacional de Cultura (CNC). No evento, o grupo teve a miss\u00e3o de colaborar na elabora\u00e7\u00e3o de pol\u00edticas p\u00fablicas para a cultura nacional nos pr\u00f3ximos dez anos.<\/p>\n<p>Durante a quarta Confer\u00eancia Nacional de Cultura (CNC), a comitiva alagoana p\u00f4de apresentar as necessidades espec\u00edficas do estado no setor e tamb\u00e9m debater propostas com artistas, gestores p\u00fablicos e produtores culturais de todo o pa\u00eds.<\/p>\n<p>Promovida pelo Minist\u00e9rio da Cultura,a quarta CNC marcou a retomada da participa\u00e7\u00e3o popular na defini\u00e7\u00e3o das pol\u00edticas p\u00fablicas para a cultura nacional. O encontro n\u00e3o ocorria desde 2013, devido ao desmonte do MinC, promovido pelo governo anterior.<\/p>\n<p>Na comitiva alagoana, 40 integrantes eram delegados, com direito a voz e voto, sendo 13 do setor governamental e 27 da sociedade civil. Eles foram eleitos por vota\u00e7\u00e3o durante a quinta Confer\u00eancia Estadual de Cultura, ocasi\u00e3o em que tamb\u00e9m foram definidas as 12 propostas que o estado levou \u00e0 confer\u00eancia.<\/p>\n<p>Para a secret\u00e1ria de Cultura e Economia Criativa de Alagoas, Mellina Freitas, a presen\u00e7a ativa dos artistas e gestores alagoanos na quarta CNC evidencia o comprometimento do Estado em fortalecer e promover o desenvolvimento da cultura em \u00e2mbito nacional.<\/p>\n<p>Na Confer\u00eancia Nacional, 140 propostas foram acolhidas e discutidas em grupos de trabalho e plen\u00e1rias e 30 foram aprovadas. Agora, o Minist\u00e9rio da Cultura tem at\u00e9 sessenta dias para divulgar o relat\u00f3rio com o texto final das propostas definidas ao longo da quarta CNC.<\/p>\n<p>As propostas passar\u00e3o por consulta p\u00fablica e dar\u00e3o origem ao Plano Nacional de Cultura (PNC), que definir\u00e1 as pol\u00edticas p\u00fablicas para o setor cultural na pr\u00f3xima d\u00e9cada.<\/p>\n<p>A ministra da Cultura, Margareth Menezes ressalta a import\u00e2ncia estrat\u00e9gica da confer\u00eancia para o setor cultural e de economia criativa, especialmente ap\u00f3s a recria\u00e7\u00e3o do Minist\u00e9rio.<\/p>\n<p>\u201cDepois de um intervalo de 11 anos sem dar seguimento \u00e0s pol\u00edticas nacionais, as pol\u00edticas para o setor cultural, sem possibilitar que o meio possa se organizar de uma maneira melhor, mas desta vez ouvindo a todos, temos aqui representa\u00e7\u00f5es das cidades, dos estados. Ent\u00e3o, estamos em estado de confer\u00eancia, de col\u00f3quio, de di\u00e1logo, de cora\u00e7\u00e3o aberto para acolher as ideias, para chegarmos em uma dire\u00e7\u00e3o para nosso Plano Nacional de Cultura, que \u00e9 assim que se faz\u201d.<\/p>\n<p>\nA quarta Confer\u00eancia Nacional de Cultura foi realizada pelo Minist\u00e9rio da Cultura e pelo Conselho Nacional de Pol\u00edtica Cultural (CNPC), e correalizada pela Organiza\u00e7\u00e3o de Estados Ibero-Americanos para a Educa\u00e7\u00e3o, a Ci\u00eancia e a Cultura no Brasil (OEI). Al\u00e9m disso, contou com apoio da Faculdade Latino-Americana de Ci\u00eancias Sociais (Flacso Brasil).\n <\/p>\n<p> Fonte: Brasil61<\/p>\n<input type=\"hidden\" id=\"baseurl\" value=\"https:\/\/noticiasdestaque.com.br\"><input type=\"hidden\" id=\"audio_nonce\" value=\"581f3017e1\">","protected":false},"excerpt":{"rendered":"<p>No evento, o grupo teve a miss\u00e3o de colaborar na elabora\u00e7\u00e3o de pol\u00edticas p\u00fablicas para a cultura nacional nos pr\u00f3ximos dez anos.<\/p>\n","protected":false},"author":1,"featured_media":13036,"comment_status":"open","ping_status":"open","sticky":false,"template":"","format":"standard","meta":{"fifu_image_url":"","fifu_image_alt":"","footnotes":""},"categories":[1],"tags":[169],"class_list":["post-13034","post","type-post","status-publish","format-standard","has-post-thumbnail","hentry","category-uncategorized","tag-reabilitacao-para-alcoolatras"],"distributor_meta":false,"distributor_terms":false,"distributor_media":false,"distributor_original_site_name":"Noticias em Destaque","distributor_original_site_url":"https:\/\/noticiasdestaque.com.br","push-errors":false,"_links":{"self":[{"href":"https:\/\/noticiasdestaque.com.br\/index.php\/wp-json\/wp\/v2\/posts\/13034","targetHints":{"allow":["GET"]}}],"collection":[{"href":"https:\/\/noticiasdestaque.com.br\/index.php\/wp-json\/wp\/v2\/posts"}],"about":[{"href":"https:\/\/noticiasdestaque.com.br\/index.php\/wp-json\/wp\/v2\/types\/post"}],"author":[{"embeddable":true,"href":"https:\/\/noticiasdestaque.com.br\/index.php\/wp-json\/wp\/v2\/users\/1"}],"replies":[{"embeddable":true,"href":"https:\/\/noticiasdestaque.com.br\/index.php\/wp-json\/wp\/v2\/comments?post=13034"}],"version-history":[{"count":1,"href":"https:\/\/noticiasdestaque.com.br\/index.php\/wp-json\/wp\/v2\/posts\/13034\/revisions"}],"predecessor-version":[{"id":13035,"href":"https:\/\/noticiasdestaque.com.br\/index.php\/wp-json\/wp\/v2\/posts\/13034\/revisions\/13035"}],"wp:featuredmedia":[{"embeddable":true,"href":"https:\/\/noticiasdestaque.com.br\/index.php\/wp-json\/wp\/v2\/media\/13036"}],"wp:attachment":[{"href":"https:\/\/noticiasdestaque.com.br\/index.php\/wp-json\/wp\/v2\/media?parent=13034"}],"wp:term":[{"taxonomy":"category","embeddable":true,"href":"https:\/\/noticiasdestaque.com.br\/index.php\/wp-json\/wp\/v2\/categories?post=13034"},{"taxonomy":"post_tag","embeddable":true,"href":"https:\/\/noticiasdestaque.com.br\/index.php\/wp-json\/wp\/v2\/tags?post=13034"}],"curies":[{"name":"wp","href":"https:\/\/api.w.org\/{rel}","templated":true}]}}