{"id":13028,"date":"2024-03-20T10:59:00","date_gmt":"2024-03-20T10:59:00","guid":{"rendered":"https:\/\/noticiasdestaque.com.br\/index.php\/2024\/03\/20\/midr-reconhece-a-situacao-de-emergencia-em-cidades-de-sete-estados\/"},"modified":"2024-03-20T10:59:00","modified_gmt":"2024-03-20T10:59:00","slug":"midr-reconhece-a-situacao-de-emergencia-em-cidades-de-sete-estados","status":"publish","type":"post","link":"https:\/\/noticiasdestaque.com.br\/index.php\/2024\/03\/20\/midr-reconhece-a-situacao-de-emergencia-em-cidades-de-sete-estados\/","title":{"rendered":"MIDR reconhece a situa\u00e7\u00e3o de emerg\u00eancia em 11 cidades de sete estados"},"content":{"rendered":"<p data-pm-slice=\"0 0 []\">O Minist\u00e9rio da Integra\u00e7\u00e3o e do Desenvolvimento Regional (MIDR), por meio da Defesa Civil Nacional, reconheceu, nesta ter\u00e7a-feira (19), a situa\u00e7\u00e3o de emerg\u00eancia em mais 11 cidades de sete estados brasileiros afetadas por desastres. As portarias com os reconhecimentos foram publicadas no Di\u00e1rio Oficial da Uni\u00e3o (DOU). Confira <a data-tippreview-enabled=\"false\" data-tippreview-image=\"\" data-tippreview-title=\"\" href=\"http:\/\/www.in.gov.br\/web\/dou\/-\/portaria-n-913-de-18-de-marco-de-2024-548839473\" target=\"_blank\" title=\"\">neste link<\/a>.<\/p>\n<p>Com o reconhecimento, os munic\u00edpios est\u00e3o aptos a solicitar recursos do Governo Federal para a\u00e7\u00f5es de defesa civil, como assist\u00eancia humanit\u00e1ria, reconstru\u00e7\u00e3o de infraestruturas e restabelecimento de servi\u00e7os essenciais.<\/p>\n<p>Os munic\u00edpios de \u00c1gua Branca e S\u00e3o Jos\u00e9 da Tapera, em Alagoas; Alto Santo, no Cear\u00e1, e Jatob\u00e1, em Pernambuco, enfrentam um per\u00edodo de estiagem.<\/p>\n<p>J\u00e1 Itamari, na Bahia, e Ouro Verde de Minas, em Minas Gerais, foram castigados por fortes chuvas. Tamb\u00e9m em Minas, Congonhal registrou alagamentos.<\/p>\n<p>No Paran\u00e1, os munic\u00edpios de Cascavel e Lidian\u00f3polis tiveram aumento no n\u00famero de casos de dengue e obtiveram o reconhecimento devido a doen\u00e7as infecciosas virais. J\u00e1 Belo Horizonte, capital de Minas Gerais, passa pelo mesmo problema.<\/p>\n<p>Por fim, Lajes Pintadas, no Rio Grande do Norte, obteve o reconhecimento federal de situa\u00e7\u00e3o de emerg\u00eancia por causa da seca, que \u00e9 um per\u00edodo de aus\u00eancia de chuvas mais prolongado do que a estiagem.<\/p>\n<p><strong>Como solicitar recursos<\/strong><\/p>\n<p>Cidades com o reconhecimento federal de situa\u00e7\u00e3o de emerg\u00eancia ou de estado de calamidade p\u00fablica podem solicitar ao MIDR recursos para a\u00e7\u00f5es de defesa civil. A solicita\u00e7\u00e3o de recursos pelos munic\u00edpios em situa\u00e7\u00e3o de emerg\u00eancia deve ser feita por meio do <a data-tippreview-enabled=\"false\" data-tippreview-image=\"\" data-tippreview-title=\"\" href=\"http:\/\/s2id.mi.gov.br\/\" target=\"_blank\" title=\"\">Sistema Integrado de Informa\u00e7\u00f5es sobre Desastres (S2iD)<\/a>. Com base nas informa\u00e7\u00f5es enviadas nos planos de trabalho, a equipe t\u00e9cnica da Defesa Civil Nacional avalia as metas e os valores solicitados. Com a aprova\u00e7\u00e3o, \u00e9 publicada portaria no DOU com o valor a ser liberado.<\/p>\n<p><strong>Capacita\u00e7\u00f5es da Defesa Civil Nacional<\/strong><\/p>\n<p>A Defesa Civil Nacional oferece uma s\u00e9rie de cursos a dist\u00e2ncia para habilitar e qualificar agentes municipais e estaduais para o uso do S2iD. As capacita\u00e7\u00f5es t\u00eam como foco os agentes de prote\u00e7\u00e3o e defesa civil nas tr\u00eas esferas de governo. Confira <a data-tippreview-enabled=\"false\" data-tippreview-image=\"\" data-tippreview-title=\"\" href=\"http:\/\/www.gov.br\/mdr\/pt-br\/assuntos\/protecao-e-defesa-civil\/capacitacoes\/cursos-em-andamento\" target=\"_blank\" title=\"\">neste link<\/a> a lista completa dos cursos.<\/p>\n<p>Fonte: MIDR<\/p>\n<p> Fonte: Brasil61<\/p>\n<input type=\"hidden\" id=\"baseurl\" value=\"https:\/\/noticiasdestaque.com.br\"><input type=\"hidden\" id=\"audio_nonce\" value=\"581f3017e1\">","protected":false},"excerpt":{"rendered":"<p>Est\u00e3o na lista munic\u00edpios de Alagoas, Bahia, Cear\u00e1, Minas Gerais, Pernambuco, Paran\u00e1 e Rio Grande do Norte<\/p>\n","protected":false},"author":1,"featured_media":13030,"comment_status":"open","ping_status":"open","sticky":false,"template":"","format":"standard","meta":{"fifu_image_url":"","fifu_image_alt":"","footnotes":""},"categories":[1],"tags":[106],"class_list":["post-13028","post","type-post","status-publish","format-standard","has-post-thumbnail","hentry","category-uncategorized","tag-brunna-pareja"],"distributor_meta":false,"distributor_terms":false,"distributor_media":false,"distributor_original_site_name":"Noticias em Destaque","distributor_original_site_url":"https:\/\/noticiasdestaque.com.br","push-errors":false,"_links":{"self":[{"href":"https:\/\/noticiasdestaque.com.br\/index.php\/wp-json\/wp\/v2\/posts\/13028","targetHints":{"allow":["GET"]}}],"collection":[{"href":"https:\/\/noticiasdestaque.com.br\/index.php\/wp-json\/wp\/v2\/posts"}],"about":[{"href":"https:\/\/noticiasdestaque.com.br\/index.php\/wp-json\/wp\/v2\/types\/post"}],"author":[{"embeddable":true,"href":"https:\/\/noticiasdestaque.com.br\/index.php\/wp-json\/wp\/v2\/users\/1"}],"replies":[{"embeddable":true,"href":"https:\/\/noticiasdestaque.com.br\/index.php\/wp-json\/wp\/v2\/comments?post=13028"}],"version-history":[{"count":1,"href":"https:\/\/noticiasdestaque.com.br\/index.php\/wp-json\/wp\/v2\/posts\/13028\/revisions"}],"predecessor-version":[{"id":13029,"href":"https:\/\/noticiasdestaque.com.br\/index.php\/wp-json\/wp\/v2\/posts\/13028\/revisions\/13029"}],"wp:featuredmedia":[{"embeddable":true,"href":"https:\/\/noticiasdestaque.com.br\/index.php\/wp-json\/wp\/v2\/media\/13030"}],"wp:attachment":[{"href":"https:\/\/noticiasdestaque.com.br\/index.php\/wp-json\/wp\/v2\/media?parent=13028"}],"wp:term":[{"taxonomy":"category","embeddable":true,"href":"https:\/\/noticiasdestaque.com.br\/index.php\/wp-json\/wp\/v2\/categories?post=13028"},{"taxonomy":"post_tag","embeddable":true,"href":"https:\/\/noticiasdestaque.com.br\/index.php\/wp-json\/wp\/v2\/tags?post=13028"}],"curies":[{"name":"wp","href":"https:\/\/api.w.org\/{rel}","templated":true}]}}