{"id":13013,"date":"2024-03-20T05:29:00","date_gmt":"2024-03-20T05:29:00","guid":{"rendered":"https:\/\/noticiasdestaque.com.br\/index.php\/2024\/03\/20\/previsao-do-tempo-a-quarta-feira-comeca-com-pancadas-de-chuva-em-todo-o-territorio-do-maranhao\/"},"modified":"2024-03-20T05:29:00","modified_gmt":"2024-03-20T05:29:00","slug":"previsao-do-tempo-a-quarta-feira-comeca-com-pancadas-de-chuva-em-todo-o-territorio-do-maranhao","status":"publish","type":"post","link":"https:\/\/noticiasdestaque.com.br\/index.php\/2024\/03\/20\/previsao-do-tempo-a-quarta-feira-comeca-com-pancadas-de-chuva-em-todo-o-territorio-do-maranhao\/","title":{"rendered":"PREVIS\u00c3O DO TEMPO: a quarta-feira (20) come\u00e7a com pancadas de chuva em todo o territ\u00f3rio do Maranh\u00e3o"},"content":{"rendered":"<p>Nesta quarta-feira (20), o dia come\u00e7a com muitas nuvens cobrindo todo o estado maranhense. Previs\u00e3o de pancadas de chuva acompanhadas de rajadas de vento em todo o estado durante a manh\u00e3 e tarde, atingindo munic\u00edpios como Coelho Neto, Imperatriz, Pinheiro, Presidente Dutra e Ros\u00e1rio.<\/p>\n<p>\u00c0 noite, o tempo fechado continua e a previs\u00e3o indica possibilidade de chuva no norte, centro, leste e sul do Maranh\u00e3o. <\/p>\n<p>O Instituto Nacional de Meteorologia, o Inmet, emitiu um alerta importante. H\u00e1 risco de chuvas intensas, com acumulado entre 50 e 100 mm por dia, acompanhadas de ventos fortes. Este alerta \u00e9 v\u00e1lido para todos os munic\u00edpios maranhenses.<\/p>\n<p>O dia 20 de mar\u00e7o marca o in\u00edcio do outono no Brasil. Essa \u00e9 a esta\u00e7\u00e3o de transi\u00e7\u00e3o entre o ver\u00e3o quente e \u00famido e o inverno frio e seco. Neste per\u00edodo, as chuvas s\u00e3o mais escassas no interior do Brasil, em particular no semi\u00e1rido nordestino. Na parte norte do Nordeste, ainda \u00e9 \u00e9poca de muita chuva.<\/p>\n<p>A temperatura m\u00ednima fica em torno de 23\u00b0C, em Alto Parna\u00edba, e a m\u00e1xima prevista \u00e9 de 31\u00baC, em Bom Jesus das Selvas. A umidade relativa do ar varia entre 80% e 100%.<\/p>\n<p>As informa\u00e7\u00f5es s\u00e3o do Instituto Nacional de Meteorologia.<\/p>\n<p> Fonte: Brasil61<\/p>\n<input type=\"hidden\" id=\"baseurl\" value=\"https:\/\/noticiasdestaque.com.br\"><input type=\"hidden\" id=\"audio_nonce\" value=\"eb7638fb71\">","protected":false},"excerpt":{"rendered":"<p>A temperatura pode variar entre 23\u00baC e 31\u00baC<\/p>\n","protected":false},"author":1,"featured_media":13015,"comment_status":"open","ping_status":"open","sticky":false,"template":"","format":"standard","meta":{"fifu_image_url":"","fifu_image_alt":"","footnotes":""},"categories":[1],"tags":[],"class_list":["post-13013","post","type-post","status-publish","format-standard","has-post-thumbnail","hentry","category-uncategorized"],"distributor_meta":false,"distributor_terms":false,"distributor_media":false,"distributor_original_site_name":"Noticias em Destaque","distributor_original_site_url":"https:\/\/noticiasdestaque.com.br","push-errors":false,"_links":{"self":[{"href":"https:\/\/noticiasdestaque.com.br\/index.php\/wp-json\/wp\/v2\/posts\/13013","targetHints":{"allow":["GET"]}}],"collection":[{"href":"https:\/\/noticiasdestaque.com.br\/index.php\/wp-json\/wp\/v2\/posts"}],"about":[{"href":"https:\/\/noticiasdestaque.com.br\/index.php\/wp-json\/wp\/v2\/types\/post"}],"author":[{"embeddable":true,"href":"https:\/\/noticiasdestaque.com.br\/index.php\/wp-json\/wp\/v2\/users\/1"}],"replies":[{"embeddable":true,"href":"https:\/\/noticiasdestaque.com.br\/index.php\/wp-json\/wp\/v2\/comments?post=13013"}],"version-history":[{"count":1,"href":"https:\/\/noticiasdestaque.com.br\/index.php\/wp-json\/wp\/v2\/posts\/13013\/revisions"}],"predecessor-version":[{"id":13014,"href":"https:\/\/noticiasdestaque.com.br\/index.php\/wp-json\/wp\/v2\/posts\/13013\/revisions\/13014"}],"wp:featuredmedia":[{"embeddable":true,"href":"https:\/\/noticiasdestaque.com.br\/index.php\/wp-json\/wp\/v2\/media\/13015"}],"wp:attachment":[{"href":"https:\/\/noticiasdestaque.com.br\/index.php\/wp-json\/wp\/v2\/media?parent=13013"}],"wp:term":[{"taxonomy":"category","embeddable":true,"href":"https:\/\/noticiasdestaque.com.br\/index.php\/wp-json\/wp\/v2\/categories?post=13013"},{"taxonomy":"post_tag","embeddable":true,"href":"https:\/\/noticiasdestaque.com.br\/index.php\/wp-json\/wp\/v2\/tags?post=13013"}],"curies":[{"name":"wp","href":"https:\/\/api.w.org\/{rel}","templated":true}]}}