{"id":13001,"date":"2024-03-20T00:59:00","date_gmt":"2024-03-20T00:59:00","guid":{"rendered":"https:\/\/noticiasdestaque.com.br\/index.php\/2024\/03\/20\/previsao-do-tempo-muitas-nuvens-em-todo-o-estado-do-rio-de-janeiro-nesta-quarta-feira\/"},"modified":"2024-03-20T00:59:00","modified_gmt":"2024-03-20T00:59:00","slug":"previsao-do-tempo-muitas-nuvens-em-todo-o-estado-do-rio-de-janeiro-nesta-quarta-feira","status":"publish","type":"post","link":"https:\/\/noticiasdestaque.com.br\/index.php\/2024\/03\/20\/previsao-do-tempo-muitas-nuvens-em-todo-o-estado-do-rio-de-janeiro-nesta-quarta-feira\/","title":{"rendered":"PREVIS\u00c3O DO TEMPO: muitas nuvens em todo o estado do Rio de Janeiro nesta quarta-feira (20)"},"content":{"rendered":"<p>A previs\u00e3o do tempo para a manh\u00e3 desta quarta-feira (20) indica predom\u00ednio de muitas nuvens em todo o estado do Rio de Janeiro pela manh\u00e3. Aten\u00e7\u00e3o para a regi\u00e3o metropolitana do Rio de Janeiro e sul fluminense: h\u00e1 possibilidade de chuva durante a manh\u00e3.<\/p>\n<p>Durante a tarde e \u00e0 noite, o c\u00e9u continua coberto por nuvens e a previs\u00e3o indica pancadas de chuva r\u00e1pidas com chance de trovoadas isoladas em todos os munic\u00edpios do Rio de Janeiro, incluindo Angra dos Reis, Cabo Frio, Campos dos Goytacazes, Nova Friburgo, Petr\u00f3polis e Rio de Janeiro.<\/p>\n<p>O Instituto Nacional de Meteorologia, o Inmet, emitiu um alerta para risco de chuvas intensas, com acumulado de at\u00e9 50 mm por dia, acompanhadas de ventos fortes. <\/p>\n<p>O dia 20 de mar\u00e7o marca o in\u00edcio do outono no Brasil. Essa \u00e9 a esta\u00e7\u00e3o de transi\u00e7\u00e3o entre o ver\u00e3o quente e \u00famido e o inverno frio e seco. Nesse per\u00edodo, s\u00e3o esperadas massas de ar frio, que provocam o decl\u00ednio das temperaturas do ar em parte da Regi\u00e3o Sudeste.<\/p>\n<p>Durante o outono observam-se as primeiras ocorr\u00eancias de fen\u00f4menos adversos, t\u00edpicos do outono, como: nevoeiros e geadas no Sudeste.<\/p>\n<p>A temperatura m\u00ednima fica em torno de 18\u00b0C, em Nova Friburgo, e a m\u00e1xima prevista \u00e9 de 36\u00baC, em Campos dos Goytacazes. A umidade relativa do ar varia entre 50% e 90%.<\/p>\n<p>As informa\u00e7\u00f5es s\u00e3o do Instituto Nacional de Meteorologia.<\/p>\n<p> Fonte: Brasil61<\/p>\n<input type=\"hidden\" id=\"baseurl\" value=\"https:\/\/noticiasdestaque.com.br\"><input type=\"hidden\" id=\"audio_nonce\" value=\"eb7638fb71\">","protected":false},"excerpt":{"rendered":"<p>A temperatura pode variar entre 18\u00baC e 36\u00baC<\/p>\n","protected":false},"author":1,"featured_media":13003,"comment_status":"open","ping_status":"open","sticky":false,"template":"","format":"standard","meta":{"fifu_image_url":"","fifu_image_alt":"","footnotes":""},"categories":[1],"tags":[],"class_list":["post-13001","post","type-post","status-publish","format-standard","has-post-thumbnail","hentry","category-uncategorized"],"distributor_meta":false,"distributor_terms":false,"distributor_media":false,"distributor_original_site_name":"Noticias em Destaque","distributor_original_site_url":"https:\/\/noticiasdestaque.com.br","push-errors":false,"_links":{"self":[{"href":"https:\/\/noticiasdestaque.com.br\/index.php\/wp-json\/wp\/v2\/posts\/13001","targetHints":{"allow":["GET"]}}],"collection":[{"href":"https:\/\/noticiasdestaque.com.br\/index.php\/wp-json\/wp\/v2\/posts"}],"about":[{"href":"https:\/\/noticiasdestaque.com.br\/index.php\/wp-json\/wp\/v2\/types\/post"}],"author":[{"embeddable":true,"href":"https:\/\/noticiasdestaque.com.br\/index.php\/wp-json\/wp\/v2\/users\/1"}],"replies":[{"embeddable":true,"href":"https:\/\/noticiasdestaque.com.br\/index.php\/wp-json\/wp\/v2\/comments?post=13001"}],"version-history":[{"count":1,"href":"https:\/\/noticiasdestaque.com.br\/index.php\/wp-json\/wp\/v2\/posts\/13001\/revisions"}],"predecessor-version":[{"id":13002,"href":"https:\/\/noticiasdestaque.com.br\/index.php\/wp-json\/wp\/v2\/posts\/13001\/revisions\/13002"}],"wp:featuredmedia":[{"embeddable":true,"href":"https:\/\/noticiasdestaque.com.br\/index.php\/wp-json\/wp\/v2\/media\/13003"}],"wp:attachment":[{"href":"https:\/\/noticiasdestaque.com.br\/index.php\/wp-json\/wp\/v2\/media?parent=13001"}],"wp:term":[{"taxonomy":"category","embeddable":true,"href":"https:\/\/noticiasdestaque.com.br\/index.php\/wp-json\/wp\/v2\/categories?post=13001"},{"taxonomy":"post_tag","embeddable":true,"href":"https:\/\/noticiasdestaque.com.br\/index.php\/wp-json\/wp\/v2\/tags?post=13001"}],"curies":[{"name":"wp","href":"https:\/\/api.w.org\/{rel}","templated":true}]}}