{"id":12976,"date":"2024-02-23T12:26:00","date_gmt":"2024-02-23T12:26:00","guid":{"rendered":"https:\/\/noticiasdestaque.com.br\/index.php\/2024\/02\/23\/restabelecimento-de-energia-em-novembro-foi-bem-sucedido-diz-enel-sp\/"},"modified":"2024-02-23T12:26:00","modified_gmt":"2024-02-23T12:26:00","slug":"restabelecimento-de-energia-em-novembro-foi-bem-sucedido-diz-enel-sp","status":"publish","type":"post","link":"https:\/\/noticiasdestaque.com.br\/index.php\/2024\/02\/23\/restabelecimento-de-energia-em-novembro-foi-bem-sucedido-diz-enel-sp\/","title":{"rendered":"Restabelecimento de energia em novembro foi bem-sucedido, diz Enel-SP"},"content":{"rendered":"<style> bloco.meta {font-style: italic; color: #666;font-weight: 600;font-size: .8em; \/* line-height: .3em; *\/}  text h2 { font-weight: 700 !important;  color: #062f46 !important;} text img { width: none; left: none;}<\/style>\n<\/p>\n<p>Em depoimento nesta quinta-feira (22), na Comiss\u00e3o Parlamentar de Inqu\u00e9rito (CPI) da C\u00e2mara dos Vereadores de S\u00e3o Paulo, o presidente da Enel em S\u00e3o Paulo, Max Xavier Lins, disse que o restabelecimento de energia ap\u00f3s o apag\u00e3o ocorrido em novembro do ano passado foi \u201ctecnicamente bem-sucedido\u201d. A Enel \u00e9 a concession\u00e1ria de energia que atende a capital paulista e mais 23 munic\u00edpios da regi\u00e3o metropolitana.<aimg src=\"https:\/\/aagenciabrasil.ebc.com.br\/ebc.apng?id=1582500 o=node\" style=\"width:1px; height:1px; display:inline;\"><\/aimg><aimg src=\"https:\/\/aagenciabrasil.ebc.com.br\/ebc.agif?id=1582500 o=node\" style=\"width:1px; height:1px; display:inline;\"><\/aimg><\/p>\n<p> nd-widget-wrapper context-cheio_8colunas type-image&#8221;<\/p>\n<input type=\"hidden\" id=\"baseurl\" value=\"https:\/\/noticiasdestaque.com.br\"><input type=\"hidden\" id=\"audio_nonce\" value=\"34245022d4\">","protected":false},"excerpt":{"rendered":"<p>Em CPI, concession\u00e1ria atribui apag\u00e3o a &#8220;evento clim\u00e1tico extremo&#8221;<\/p>\n","protected":false},"author":1,"featured_media":12978,"comment_status":"open","ping_status":"open","sticky":false,"template":"","format":"standard","meta":{"fifu_image_url":"","fifu_image_alt":"","footnotes":""},"categories":[1],"tags":[106],"class_list":["post-12976","post","type-post","status-publish","format-standard","has-post-thumbnail","hentry","category-uncategorized","tag-brunna-pareja"],"distributor_meta":false,"distributor_terms":false,"distributor_media":false,"distributor_original_site_name":"Noticias em Destaque","distributor_original_site_url":"https:\/\/noticiasdestaque.com.br","push-errors":false,"_links":{"self":[{"href":"https:\/\/noticiasdestaque.com.br\/index.php\/wp-json\/wp\/v2\/posts\/12976","targetHints":{"allow":["GET"]}}],"collection":[{"href":"https:\/\/noticiasdestaque.com.br\/index.php\/wp-json\/wp\/v2\/posts"}],"about":[{"href":"https:\/\/noticiasdestaque.com.br\/index.php\/wp-json\/wp\/v2\/types\/post"}],"author":[{"embeddable":true,"href":"https:\/\/noticiasdestaque.com.br\/index.php\/wp-json\/wp\/v2\/users\/1"}],"replies":[{"embeddable":true,"href":"https:\/\/noticiasdestaque.com.br\/index.php\/wp-json\/wp\/v2\/comments?post=12976"}],"version-history":[{"count":1,"href":"https:\/\/noticiasdestaque.com.br\/index.php\/wp-json\/wp\/v2\/posts\/12976\/revisions"}],"predecessor-version":[{"id":12977,"href":"https:\/\/noticiasdestaque.com.br\/index.php\/wp-json\/wp\/v2\/posts\/12976\/revisions\/12977"}],"wp:featuredmedia":[{"embeddable":true,"href":"https:\/\/noticiasdestaque.com.br\/index.php\/wp-json\/wp\/v2\/media\/12978"}],"wp:attachment":[{"href":"https:\/\/noticiasdestaque.com.br\/index.php\/wp-json\/wp\/v2\/media?parent=12976"}],"wp:term":[{"taxonomy":"category","embeddable":true,"href":"https:\/\/noticiasdestaque.com.br\/index.php\/wp-json\/wp\/v2\/categories?post=12976"},{"taxonomy":"post_tag","embeddable":true,"href":"https:\/\/noticiasdestaque.com.br\/index.php\/wp-json\/wp\/v2\/tags?post=12976"}],"curies":[{"name":"wp","href":"https:\/\/api.w.org\/{rel}","templated":true}]}}