{"id":12970,"date":"2024-02-23T10:56:00","date_gmt":"2024-02-23T10:56:00","guid":{"rendered":"https:\/\/noticiasdestaque.com.br\/index.php\/2024\/02\/23\/secretario-dos-eua-sem-paz-e-impossivel-avancar-em-agendas-sociais\/"},"modified":"2024-02-23T10:56:00","modified_gmt":"2024-02-23T10:56:00","slug":"secretario-dos-eua-sem-paz-e-impossivel-avancar-em-agendas-sociais","status":"publish","type":"post","link":"https:\/\/noticiasdestaque.com.br\/index.php\/2024\/02\/23\/secretario-dos-eua-sem-paz-e-impossivel-avancar-em-agendas-sociais\/","title":{"rendered":"Secret\u00e1rio dos EUA: sem paz, \u00e9 imposs\u00edvel avan\u00e7ar em agendas sociais"},"content":{"rendered":"<style> bloco.meta {font-style: italic; color: #666;font-weight: 600;font-size: .8em; \/* line-height: .3em; *\/}  text h2 { font-weight: 700 !important;  color: #062f46 !important;} text img { width: none; left: none;}<\/style>\n<\/p>\n<p>O secret\u00e1rio de Estado dos Estados Unidos, Anthony J. Blinken, disse nesta quinta-feira (22) que se os organismos multilaterais n\u00e3o conseguirem solucionar conflitos pelo mundo, ser\u00e1 imposs\u00edvel avan\u00e7ar em outras agendas como mudan\u00e7as clim\u00e1ticas e desenvolvimento social. A declara\u00e7\u00e3o foi dada em coletiva de imprensa no Rio de Janeiro, no dia em que foi conclu\u00edda a primeira reuni\u00e3o de ministros das rela\u00e7\u00f5es exteriores do G20 sob presid\u00eancia do Brasil.<aimg src=\"https:\/\/aagenciabrasil.ebc.com.br\/ebc.apng?id=1582484 o=node\" style=\"width:1px; height:1px; display:inline;\"><\/aimg><aimg src=\"https:\/\/aagenciabrasil.ebc.com.br\/ebc.agif?id=1582484 o=node\" style=\"width:1px; height:1px; display:inline;\"><\/aimg><\/p>\n<p>Um dos principais t\u00f3picos abordados pelo secret\u00e1rio foi a situa\u00e7\u00e3o da guerra na Faixa de Gaza. Essa semana, os EUA rejeitaram pela terceira vez uma proposta de cessar-fogo no Conselho de Seguran\u00e7a das Na\u00e7\u00f5es Unidas. Blinken afirmou que o foco agora \u00e9 a liberta\u00e7\u00e3o dos ref\u00e9ns feitos pelo Hamas.<\/p>\n<p>&#8220;A melhor forma de encerrar o conflito \u00e9 trabalhar em rela\u00e7\u00e3o aos ref\u00e9ns. Estamos constantemente discutindo isso. \u00c9 o caminho mais r\u00e1pido e eficiente pra chegarmos aonde queremos. Queremos o fim desse conflito o mais r\u00e1pido poss\u00edvel. E que cesse o sofrimento dos inocentes, pegos nesse fogo cruzado do Hamas. E devemos pensar no per\u00edodo p\u00f3s-guerra, em uma paz sustent\u00e1vel, duradoura e genu\u00edna&#8221;, disse o secret\u00e1rio.<\/p>\n<p>O secret\u00e1rio dos EUA esteve nesta quarta-feira com o presidente Luiz In\u00e1cio Lula da Silva em Bras\u00edlia. Blinken falou sobre <a href=\"https:\/\/agenciabrasil.ebc.com.br\/internacional\/noticia\/2024-02\/netanyahu-reage-fala-de-lula-sobre-holocausto-e-convoca-embaixador\" target=\"_blank\">a declara\u00e7\u00e3o de Lula<\/a>, que comparou as a\u00e7\u00f5es de Israel em Gaza com o Holocausto.<\/p>\n<p>&#8220;Primeiro, queria agradecer ao presidente Lula pelo tempo e conversas que tivemos. Temos muitas agendas em comum. Mas eu discordo plenamente e profundamente sobre a compara\u00e7\u00e3o feita com o Holocausto. Mas isso acontece com os amigos. Podemos ter discord\u00e2ncias e ao mesmo tempo trabalharmos juntos. E concordamos que precisamos agir em conjunto para tirar os ref\u00e9ns de Gaza e terminar o conflito&#8221;. disse Blinken.<\/p>\n<p>Ainda sobre a <a href=\"https:\/\/agenciabrasil.ebc.com.br\/internacional\/noticia\/2024-02\/parceria-com-brasil-e-importante-diz-blinken-apos-reuniao-com-lula\" target=\"_blank\">conversa com o presidente Lula<\/a>, Blinken destacou pontos que foram priorizados, como investimos para preservar a floresta Amaz\u00f4nica, para combater a fome, formas para melhorar a produtividade dos solos, a prote\u00e7\u00e3o dos direitos dos trabalhadores, e a\u00e7\u00f5es para diminuir as desigualdades raciais. Disse tamb\u00e9m que os EUA v\u00e3o apoiar o Brasil e assegurar que presid\u00eancia do pa\u00eds no G20 seja um sucesso.<\/p>\n<p>Sobre a guerra entre R\u00fassia e Ucr\u00e2nia, o secret\u00e1rio voltou a qualificar como agress\u00f5es as a\u00e7\u00f5es russas e disse que o encontro de chanceleres no G20 foi mais uma oportunidade para mostrar que o mundo est\u00e1 se voltando contra o pa\u00eds.<\/p>\n<p>&#8220;Houve discursos veementes n\u00e3o s\u00f3 do G7, mas de outros pa\u00edses para que chegue ao fim a agress\u00e3o russa. E que os ucranianos possam decidir sobre a sua pr\u00f3pria paz. Vale como reflex\u00e3o para a R\u00fassia sobre o que o mundo pensa. Essa agress\u00e3o tem gerado consequ\u00eancias para outros pa\u00edses e povos, como o aumento nos custos de alimentos e do petr\u00f3leo. Tem acontecido todo um impacto na cadeia de abastecimento. Sobre as novas san\u00e7\u00f5es, fiquem atentos. Elas vir\u00e3o&#8221;, disse Blinken.<\/p>\n<p class=\"alt-font font-italic my-2 small text-info\">\n                                                Edi\u00e7\u00e3o:   Aline Leal                    <\/p>\n<p>            <!-- blog End --><\/p>\n<p>            <!-- tag and share --><\/p>\n<p> Fonte: EBC <\/p>\n<input type=\"hidden\" id=\"baseurl\" value=\"https:\/\/noticiasdestaque.com.br\"><input type=\"hidden\" id=\"audio_nonce\" value=\"34245022d4\">","protected":false},"excerpt":{"rendered":"<p>Blinken destacou reuni\u00f5es com Lula sobre conflitos em Gaza<\/p>\n","protected":false},"author":1,"featured_media":12972,"comment_status":"open","ping_status":"open","sticky":false,"template":"","format":"standard","meta":{"fifu_image_url":"","fifu_image_alt":"","footnotes":""},"categories":[1],"tags":[106],"class_list":["post-12970","post","type-post","status-publish","format-standard","has-post-thumbnail","hentry","category-uncategorized","tag-brunna-pareja"],"distributor_meta":false,"distributor_terms":false,"distributor_media":false,"distributor_original_site_name":"Noticias em Destaque","distributor_original_site_url":"https:\/\/noticiasdestaque.com.br","push-errors":false,"_links":{"self":[{"href":"https:\/\/noticiasdestaque.com.br\/index.php\/wp-json\/wp\/v2\/posts\/12970","targetHints":{"allow":["GET"]}}],"collection":[{"href":"https:\/\/noticiasdestaque.com.br\/index.php\/wp-json\/wp\/v2\/posts"}],"about":[{"href":"https:\/\/noticiasdestaque.com.br\/index.php\/wp-json\/wp\/v2\/types\/post"}],"author":[{"embeddable":true,"href":"https:\/\/noticiasdestaque.com.br\/index.php\/wp-json\/wp\/v2\/users\/1"}],"replies":[{"embeddable":true,"href":"https:\/\/noticiasdestaque.com.br\/index.php\/wp-json\/wp\/v2\/comments?post=12970"}],"version-history":[{"count":1,"href":"https:\/\/noticiasdestaque.com.br\/index.php\/wp-json\/wp\/v2\/posts\/12970\/revisions"}],"predecessor-version":[{"id":12971,"href":"https:\/\/noticiasdestaque.com.br\/index.php\/wp-json\/wp\/v2\/posts\/12970\/revisions\/12971"}],"wp:featuredmedia":[{"embeddable":true,"href":"https:\/\/noticiasdestaque.com.br\/index.php\/wp-json\/wp\/v2\/media\/12972"}],"wp:attachment":[{"href":"https:\/\/noticiasdestaque.com.br\/index.php\/wp-json\/wp\/v2\/media?parent=12970"}],"wp:term":[{"taxonomy":"category","embeddable":true,"href":"https:\/\/noticiasdestaque.com.br\/index.php\/wp-json\/wp\/v2\/categories?post=12970"},{"taxonomy":"post_tag","embeddable":true,"href":"https:\/\/noticiasdestaque.com.br\/index.php\/wp-json\/wp\/v2\/tags?post=12970"}],"curies":[{"name":"wp","href":"https:\/\/api.w.org\/{rel}","templated":true}]}}