{"id":12967,"date":"2024-02-23T10:26:00","date_gmt":"2024-02-23T10:26:00","guid":{"rendered":"https:\/\/noticiasdestaque.com.br\/index.php\/2024\/02\/23\/a-frente-do-combate-aos-crimes-ambientais-ibama-completa-anos\/"},"modified":"2024-02-23T10:26:00","modified_gmt":"2024-02-23T10:26:00","slug":"a-frente-do-combate-aos-crimes-ambientais-ibama-completa-anos","status":"publish","type":"post","link":"https:\/\/noticiasdestaque.com.br\/index.php\/2024\/02\/23\/a-frente-do-combate-aos-crimes-ambientais-ibama-completa-anos\/","title":{"rendered":"\u00c0 frente do combate aos crimes ambientais, Ibama completa 35 anos"},"content":{"rendered":"<style> bloco.meta {font-style: italic; color: #666;font-weight: 600;font-size: .8em; \/* line-height: .3em; *\/}  text h2 { font-weight: 700 !important;  color: #062f46 !important;} text img { width: none; left: none;}<\/style>\n<\/p>\n<p>Atuando na linha de frente do combate aos crimes ambientais, o Instituto Brasileiro do Meio Ambiente e dos Recursos Naturais Renov\u00e1veis (Ibama) chega nesta quinta-feira (22) aos 35 anos em meio a conquistas e desafios de restrutura\u00e7\u00e3o ap\u00f3s passar por uma tentativa de desmonte no governo do ex-presidente Jair Bolsonaro. O \u00f3rg\u00e3o \u00e9 apontado como um dos principais respons\u00e1veis pela <a href=\"https:\/\/agenciabrasil.ebc.com.br\/geral\/noticia\/2023-10\/redu\u00e7\u00e3o-do-desmatamento-na-amaz\u00f4nia-alcancara-50-em-setembro\" target=\"_blank\">queda de 50% no desmatamento<\/a> da Amaz\u00f4nia Legal em 2023, em compara\u00e7\u00e3o com 2022, segundo dados do Instituto Nacional de Pesquisas Espaciais (Inpe).<aimg src=\"https:\/\/aagenciabrasil.ebc.com.br\/ebc.apng?id=1582432 o=node\" style=\"width:1px; height:1px; display:inline;\"><\/aimg><aimg src=\"https:\/\/aagenciabrasil.ebc.com.br\/ebc.agif?id=1582432 o=node\" style=\"width:1px; height:1px; display:inline;\"><\/aimg><\/p>\n<p>Para o presidente do instituto, Rodrigo Agostinho, os desafios apontados para o Ibama passam pela necessidade de valoriza\u00e7\u00e3o dos servidores e aporte or\u00e7ament\u00e1rio.<\/p>\n<p> nd-widget-wrapper context-cheio_8colunas type-image&#8221;<\/p>\n<input type=\"hidden\" id=\"baseurl\" value=\"https:\/\/noticiasdestaque.com.br\"><input type=\"hidden\" id=\"audio_nonce\" value=\"c9f06e19e6\">","protected":false},"excerpt":{"rendered":"<p>Autarquia enfrenta desafios de reestrutura\u00e7\u00e3o<\/p>\n","protected":false},"author":1,"featured_media":12969,"comment_status":"open","ping_status":"open","sticky":false,"template":"","format":"standard","meta":{"fifu_image_url":"","fifu_image_alt":"","footnotes":""},"categories":[1],"tags":[106],"class_list":["post-12967","post","type-post","status-publish","format-standard","has-post-thumbnail","hentry","category-uncategorized","tag-brunna-pareja"],"distributor_meta":false,"distributor_terms":false,"distributor_media":false,"distributor_original_site_name":"Noticias em Destaque","distributor_original_site_url":"https:\/\/noticiasdestaque.com.br","push-errors":false,"_links":{"self":[{"href":"https:\/\/noticiasdestaque.com.br\/index.php\/wp-json\/wp\/v2\/posts\/12967","targetHints":{"allow":["GET"]}}],"collection":[{"href":"https:\/\/noticiasdestaque.com.br\/index.php\/wp-json\/wp\/v2\/posts"}],"about":[{"href":"https:\/\/noticiasdestaque.com.br\/index.php\/wp-json\/wp\/v2\/types\/post"}],"author":[{"embeddable":true,"href":"https:\/\/noticiasdestaque.com.br\/index.php\/wp-json\/wp\/v2\/users\/1"}],"replies":[{"embeddable":true,"href":"https:\/\/noticiasdestaque.com.br\/index.php\/wp-json\/wp\/v2\/comments?post=12967"}],"version-history":[{"count":1,"href":"https:\/\/noticiasdestaque.com.br\/index.php\/wp-json\/wp\/v2\/posts\/12967\/revisions"}],"predecessor-version":[{"id":12968,"href":"https:\/\/noticiasdestaque.com.br\/index.php\/wp-json\/wp\/v2\/posts\/12967\/revisions\/12968"}],"wp:featuredmedia":[{"embeddable":true,"href":"https:\/\/noticiasdestaque.com.br\/index.php\/wp-json\/wp\/v2\/media\/12969"}],"wp:attachment":[{"href":"https:\/\/noticiasdestaque.com.br\/index.php\/wp-json\/wp\/v2\/media?parent=12967"}],"wp:term":[{"taxonomy":"category","embeddable":true,"href":"https:\/\/noticiasdestaque.com.br\/index.php\/wp-json\/wp\/v2\/categories?post=12967"},{"taxonomy":"post_tag","embeddable":true,"href":"https:\/\/noticiasdestaque.com.br\/index.php\/wp-json\/wp\/v2\/tags?post=12967"}],"curies":[{"name":"wp","href":"https:\/\/api.w.org\/{rel}","templated":true}]}}