{"id":12964,"date":"2024-02-23T09:26:00","date_gmt":"2024-02-23T09:26:00","guid":{"rendered":"https:\/\/noticiasdestaque.com.br\/index.php\/2024\/02\/23\/r-bilhoes-que-eram-para-a-covid-so-podem-ser-gastos-em-saude\/"},"modified":"2024-02-23T09:26:00","modified_gmt":"2024-02-23T09:26:00","slug":"r-bilhoes-que-eram-para-a-covid-so-podem-ser-gastos-em-saude","status":"publish","type":"post","link":"https:\/\/noticiasdestaque.com.br\/index.php\/2024\/02\/23\/r-bilhoes-que-eram-para-a-covid-so-podem-ser-gastos-em-saude\/","title":{"rendered":"R$ 17 bilh\u00f5es que eram para a Covid s\u00f3 podem ser gastos em sa\u00fade"},"content":{"rendered":"<p>Os recursos financeiros  \u2014 que ainda n\u00e3o foram gastos \u2014 encaminhados pelo governo federal para o combate \u00e0 pandemia da Covid-19 s\u00f3 podem ser aplicados na \u00e1rea de sa\u00fade. \u00c9 o que determina a Portaria 3.139, publicada no \u00faltimo dia 8 de fevereiro, pelo Minist\u00e9rio da Sa\u00fade. O documento orienta que o dinheiro deve ser usado &#8220;exclusivamente, para despesas com a\u00e7\u00f5es e servi\u00e7os p\u00fablicos de sa\u00fade&#8221;.<\/p>\n<p>De acordo com a Confedera\u00e7\u00e3o Nacional de Munic\u00edpios (CNM), as &#8220;sobras&#8221; ultrapassem R$ 17 bilh\u00f5es. O dinheiro foi repassado pelo Fundo Nacional de Sa\u00fade para enfrentamento da pandemia, entre 2020 e 2022. Os especialistas em gest\u00e3o C\u00e9sar Lima e Eduardo Galv\u00e3o alertam que os prefeitos e governadores t\u00eam at\u00e9 31 de dezembro para usar o dinheiro. <\/p>\n<p>\u201cN\u00e3o havendo mais a emerg\u00eancia, esses recursos ficaram congelados nas contas dos estados e dos munic\u00edpios. Mas, no final do ano passado, a Emenda Constitucional 132 de 2023 possibilitou que esses saldos fossem utilizados at\u00e9 o final desse ano\u201d, explica o consultor de Or\u00e7amentos C\u00e9sar Lima. Ele acrescenta ainda que &#8220;o Minist\u00e9rio da Sa\u00fade exarou uma portaria 3.139, que explica que esses saldos podem ser utilizados tanto para custeio, quanto para investimentos\u201d.<\/p>\n<p>\u201cOu seja: eles podem ser utilizados no pagamento de \u00e1gua, luz, medicamentos, insumos e tamb\u00e9m para investimentos como obras, compras de equipamentos\u201d, detalha Lima. \u201cO que os munic\u00edpios devem fazer \u00e9 incluir a utiliza\u00e7\u00e3o desses valores no relat\u00f3rio de gest\u00e3o, que deve ser feito no final do ano e encaminhado ao Minist\u00e9rio da Sa\u00fade\u201d.<\/p>\n<p>Para o professor de pol\u00edticas p\u00fablicas do Ibmec Bras\u00edlia, Eduardo Galv\u00e3o, a autoriza\u00e7\u00e3o para se usarem os recursos em outras \u00e1reas da sa\u00fade al\u00e9m da pandemia \u00e9 uma \u00f3tima not\u00edcia: \u201c\u00c9 uma oportunidade incr\u00edvel para melhorar a assist\u00eancia \u00e0 popula\u00e7\u00e3o\u201d, comemora. <\/p>\n<h2>Como acessar o dinheiro<\/h2>\n<p>Perguntado sobre como os gestores devem fazer para acessarem esses recursos, Galv\u00e3o adiantou que \u00e9 preciso dar aten\u00e7\u00e3o a algumas regras. \u201cPrimeiro, eles t\u00eam que mostrar como o dinheiro foi usado, incluindo essas informa\u00e7\u00f5es no relat\u00f3rio anual de gest\u00e3o. Isso \u00e9 importante para garantir que o dinheiro est\u00e1 sendo bem aplicado, de acordo com as necessidades da sa\u00fade p\u00fablica\u201d, observou.<\/p>\n<p>\u201cAl\u00e9m disso, o uso desse recurso precisa estar alinhado com as diretrizes nacionais de sa\u00fade. Isso quer dizer que os munic\u00edpios devem planejar bem como v\u00e3o usar a verba e garantirem que ela realmente contribua para melhorar os servi\u00e7os de sa\u00fade para a popula\u00e7\u00e3o\u201d, orientou Galv\u00e3o. <\/p>\n<h2>Detalhamento e legisla\u00e7\u00e3o<\/h2>\n<ul>\n<li>Para acessar a Portaria 3.139 do Minist\u00e9rio da Sa\u00fade (de 8 de fevereiro de 2024) que disp\u00f5e sobre a aplica\u00e7\u00e3o dos recursos e a amplia\u00e7\u00e3o do prazo, clique <a href=\"http:\/\/www.in.gov.br\/en\/web\/dou\/-\/portaria-gm\/ms-n-3.139-de-8-de-fevereiro-de-2024-542590714 https:\/\/www.in.gov.br\/en\/web\/dou\/-\/portaria-gm\/ms-n-3.139-de-8-de-fevereiro-de-2024-542590714\" target=\"_blank\">aqui<\/a>.<\/li>\n<li>A prorroga\u00e7\u00e3o at\u00e9 31\/12\/2024 foi garantida pela Emenda Constitucional 132\/2023 e vale para recursos ainda em conta nos fundos de sa\u00fade e assist\u00eancia social dos munic\u00edpios, conforme as <a href=\"http:\/\/li.cnm.org.br\/r\/XiMJGU\" target=\"_blank\">Portarias 369\/2020<\/a>, <a href=\"http:\/\/li.cnm.org.br\/r\/agLdf6\" target=\"_blank\">378\/2020 <\/a>e <a href=\"http:\/\/li.cnm.org.br\/r\/8wmCZf\" target=\"_blank\">884\/2023<\/a>. <\/li>\n<\/ul>\n<p> Fonte: Brasil61<\/p>\n<input type=\"hidden\" id=\"baseurl\" value=\"https:\/\/noticiasdestaque.com.br\"><input type=\"hidden\" id=\"audio_nonce\" value=\"c9f06e19e6\">","protected":false},"excerpt":{"rendered":"<p>Dinheiro que &#8220;sobrou&#8221; nos cofres de estados e munic\u00edpios para combater pandemia deve ser usado at\u00e9 31 de dezembro; veja onde recurso pode ser aplicado<\/p>\n","protected":false},"author":1,"featured_media":12966,"comment_status":"open","ping_status":"open","sticky":false,"template":"","format":"standard","meta":{"fifu_image_url":"","fifu_image_alt":"","footnotes":""},"categories":[1],"tags":[112],"class_list":["post-12964","post","type-post","status-publish","format-standard","has-post-thumbnail","hentry","category-uncategorized","tag-energreener"],"distributor_meta":false,"distributor_terms":false,"distributor_media":false,"distributor_original_site_name":"Noticias em Destaque","distributor_original_site_url":"https:\/\/noticiasdestaque.com.br","push-errors":false,"_links":{"self":[{"href":"https:\/\/noticiasdestaque.com.br\/index.php\/wp-json\/wp\/v2\/posts\/12964","targetHints":{"allow":["GET"]}}],"collection":[{"href":"https:\/\/noticiasdestaque.com.br\/index.php\/wp-json\/wp\/v2\/posts"}],"about":[{"href":"https:\/\/noticiasdestaque.com.br\/index.php\/wp-json\/wp\/v2\/types\/post"}],"author":[{"embeddable":true,"href":"https:\/\/noticiasdestaque.com.br\/index.php\/wp-json\/wp\/v2\/users\/1"}],"replies":[{"embeddable":true,"href":"https:\/\/noticiasdestaque.com.br\/index.php\/wp-json\/wp\/v2\/comments?post=12964"}],"version-history":[{"count":1,"href":"https:\/\/noticiasdestaque.com.br\/index.php\/wp-json\/wp\/v2\/posts\/12964\/revisions"}],"predecessor-version":[{"id":12965,"href":"https:\/\/noticiasdestaque.com.br\/index.php\/wp-json\/wp\/v2\/posts\/12964\/revisions\/12965"}],"wp:featuredmedia":[{"embeddable":true,"href":"https:\/\/noticiasdestaque.com.br\/index.php\/wp-json\/wp\/v2\/media\/12966"}],"wp:attachment":[{"href":"https:\/\/noticiasdestaque.com.br\/index.php\/wp-json\/wp\/v2\/media?parent=12964"}],"wp:term":[{"taxonomy":"category","embeddable":true,"href":"https:\/\/noticiasdestaque.com.br\/index.php\/wp-json\/wp\/v2\/categories?post=12964"},{"taxonomy":"post_tag","embeddable":true,"href":"https:\/\/noticiasdestaque.com.br\/index.php\/wp-json\/wp\/v2\/tags?post=12964"}],"curies":[{"name":"wp","href":"https:\/\/api.w.org\/{rel}","templated":true}]}}