{"id":12866,"date":"2024-02-19T04:28:00","date_gmt":"2024-02-19T04:28:00","guid":{"rendered":"https:\/\/noticiasdestaque.com.br\/index.php\/2024\/02\/19\/brasil-admite-violacao-em-desaparecimento-de-trabalhador-em\/"},"modified":"2024-02-19T04:28:00","modified_gmt":"2024-02-19T04:28:00","slug":"brasil-admite-violacao-em-desaparecimento-de-trabalhador-em","status":"publish","type":"post","link":"https:\/\/noticiasdestaque.com.br\/index.php\/2024\/02\/19\/brasil-admite-violacao-em-desaparecimento-de-trabalhador-em\/","title":{"rendered":"Brasil admite viola\u00e7\u00e3o em desaparecimento de trabalhador em 2002"},"content":{"rendered":"<style> bloco.meta {font-style: italic; color: #666;font-weight: 600;font-size: .8em; \/* line-height: .3em; *\/}  text h2 { font-weight: 700 !important;  color: #062f46 !important;} text img { width: none; left: none;}<\/style>\n<\/p>\n<p>Mais de duas d\u00e9cadas depois do desaparecimento do trabalhador rural <a href=\"https:\/\/www.google.com\/url?q=https:\/\/agenciabrasil.ebc.com.br\/justica\/noticia\/2024-02\/irmao-de-sem-terra-desaparecido-quer-justica-corte-internacional amp;sa=D amp;source=editors amp;ust=1707581428671466 amp;usg=AOvVaw3Fvbyf1UuGO1l48jWAwx4F\" target=\"_blank\">Almir Muniz da Silva<\/a>, na cidade de Itabaiana (PB), o Estado Brasileiro reconheceu que houve falha na apura\u00e7\u00e3o do epis\u00f3dio. Na ocasi\u00e3o, tiros foram ouvidos na regi\u00e3o em que ele estava em um trator, entre duas fazendas, a caminho de casa. <aimg src=\"https:\/\/aagenciabrasil.ebc.com.br\/ebc.apng?id=1580508 o=node\" style=\"width:1px; height:1px; display:inline;\"><\/aimg><aimg src=\"https:\/\/aagenciabrasil.ebc.com.br\/ebc.agif?id=1580508 o=node\" style=\"width:1px; height:1px; display:inline;\"><\/aimg><\/p>\n<p>Representantes da Advocacia-Geral da Uni\u00e3o (AGU) reconheceram, em audi\u00eancia na Corte Interamericana de Direitos Humanos, na sexta-feira (9), a \u201cviola\u00e7\u00e3o de direitos e garantias internacionalmente protegidos\u201d. Al\u00e9m do reconhecimento, houve formaliza\u00e7\u00e3o de um pedido de desculpas aos familiares da v\u00edtima. O documento na \u00edntegra est\u00e1 dispon\u00edvel no <a href=\"https:\/\/www.gov.br\/agu\/pt-br\/comunicacao\/noticias\/brasil-reconhece-violacao-de-direitos-na-apuracao-do-desaparecimento-de-trabalhador-rural-em-2002\/DeclaraoBRALMIRMUNIZReconhecimento.pdf\" target=\"_blank\">portal do governo brasileiro<\/a>.<\/p>\n<p>\u201cA investiga\u00e7\u00e3o sobre o desaparecimento do Sr. Almir Muniz careceu de recursos materiais e humanos, n\u00e3o tendo o Estado atuado com a devida dilig\u00eancia, o que resultou no arquivamento do inqu\u00e9rito policial\u201d, apontou a declara\u00e7\u00e3o brasileira. O documento tamb\u00e9m apontou que o Estado reconheceu a \u201cresponsabilidade internacional por ofensa ao artigo 5.1 do Pacto de San Jos\u00e9\u201d, que prev\u00ea que toda pessoa tem direito ao respeito \u00e0 integridade f\u00edsica, ps\u00edquica e moral. <\/p>\n<p>Nesse sentido, a declara\u00e7\u00e3o admite que houve viola\u00e7\u00e3o da integridade ps\u00edquica e moral dos familiares do trabalhador rural \u201cem vista do sofrimento causado diante da aus\u00eancia de investiga\u00e7\u00e3o suficiente do desaparecimento\u201d.<\/p>\n<p>Um contexto reconhecido pelo Estado \u00e9 que Almir era integrante da Associa\u00e7\u00e3o de Trabalhadores Rurais de Itabaiana (PB). Houve, na ocasi\u00e3o, a identificado de um suspeito pelo desaparecimento, mas o inqu\u00e9rito policial foi arquivado por insufici\u00eancia de provas. Em defesa escrita \u00e0 Corte, em agosto do ano passado, o Estado brasileiro j\u00e1 havia reconhecido sua responsabilidade internacional.<\/p>\n<p>O documento divulgado nesta sexta reconhece a natureza jur\u00eddica pr\u00f3pria do epis\u00f3dio, o que inclui as medidas de repara\u00e7\u00e3o por viola\u00e7\u00f5es dos Estados ao Direito Internacional. \u201cO Estado brasileiro manifesta publicamente seu pedido de desculpas aos familiares do Sr. Almir Muniz da Silva\u201d.<\/p>\n<p class=\"alt-font font-italic my-2 small text-info\">\n                                                Edi\u00e7\u00e3o:   Aline Leal                    <\/p>\n<p>            <!-- blog End --><\/p>\n<p>            <!-- tag and share --><\/p>\n<p> Fonte: EBC <\/p>\n<input type=\"hidden\" id=\"baseurl\" value=\"https:\/\/noticiasdestaque.com.br\"><input type=\"hidden\" id=\"audio_nonce\" value=\"6a24ca502e\">","protected":false},"excerpt":{"rendered":"<p>Declara\u00e7\u00e3o do governo pede desculpas \u00e0 fam\u00edlia de Almir Muniz da Silva<\/p>\n","protected":false},"author":1,"featured_media":12868,"comment_status":"open","ping_status":"open","sticky":false,"template":"","format":"standard","meta":{"fifu_image_url":"","fifu_image_alt":"","footnotes":""},"categories":[1],"tags":[106],"class_list":["post-12866","post","type-post","status-publish","format-standard","has-post-thumbnail","hentry","category-uncategorized","tag-brunna-pareja"],"distributor_meta":false,"distributor_terms":false,"distributor_media":false,"distributor_original_site_name":"Noticias em Destaque","distributor_original_site_url":"https:\/\/noticiasdestaque.com.br","push-errors":false,"_links":{"self":[{"href":"https:\/\/noticiasdestaque.com.br\/index.php\/wp-json\/wp\/v2\/posts\/12866","targetHints":{"allow":["GET"]}}],"collection":[{"href":"https:\/\/noticiasdestaque.com.br\/index.php\/wp-json\/wp\/v2\/posts"}],"about":[{"href":"https:\/\/noticiasdestaque.com.br\/index.php\/wp-json\/wp\/v2\/types\/post"}],"author":[{"embeddable":true,"href":"https:\/\/noticiasdestaque.com.br\/index.php\/wp-json\/wp\/v2\/users\/1"}],"replies":[{"embeddable":true,"href":"https:\/\/noticiasdestaque.com.br\/index.php\/wp-json\/wp\/v2\/comments?post=12866"}],"version-history":[{"count":1,"href":"https:\/\/noticiasdestaque.com.br\/index.php\/wp-json\/wp\/v2\/posts\/12866\/revisions"}],"predecessor-version":[{"id":12867,"href":"https:\/\/noticiasdestaque.com.br\/index.php\/wp-json\/wp\/v2\/posts\/12866\/revisions\/12867"}],"wp:featuredmedia":[{"embeddable":true,"href":"https:\/\/noticiasdestaque.com.br\/index.php\/wp-json\/wp\/v2\/media\/12868"}],"wp:attachment":[{"href":"https:\/\/noticiasdestaque.com.br\/index.php\/wp-json\/wp\/v2\/media?parent=12866"}],"wp:term":[{"taxonomy":"category","embeddable":true,"href":"https:\/\/noticiasdestaque.com.br\/index.php\/wp-json\/wp\/v2\/categories?post=12866"},{"taxonomy":"post_tag","embeddable":true,"href":"https:\/\/noticiasdestaque.com.br\/index.php\/wp-json\/wp\/v2\/tags?post=12866"}],"curies":[{"name":"wp","href":"https:\/\/api.w.org\/{rel}","templated":true}]}}