{"id":12854,"date":"2024-02-18T23:28:00","date_gmt":"2024-02-18T23:28:00","guid":{"rendered":"https:\/\/noticiasdestaque.com.br\/index.php\/2024\/02\/18\/edital-de-cultura-pulsar-do-sesc-rj-recebera-inscricoes-ate-de-marco\/"},"modified":"2024-02-18T23:28:00","modified_gmt":"2024-02-18T23:28:00","slug":"edital-de-cultura-pulsar-do-sesc-rj-recebera-inscricoes-ate-de-marco","status":"publish","type":"post","link":"https:\/\/noticiasdestaque.com.br\/index.php\/2024\/02\/18\/edital-de-cultura-pulsar-do-sesc-rj-recebera-inscricoes-ate-de-marco\/","title":{"rendered":"Edital de Cultura Pulsar do Sesc RJ receber\u00e1 inscri\u00e7\u00f5es at\u00e9 8 de mar\u00e7o"},"content":{"rendered":"<style> bloco.meta {font-style: italic; color: #666;font-weight: 600;font-size: .8em; \/* line-height: .3em; *\/}  text h2 { font-weight: 700 !important;  color: #062f46 !important;} text img { width: none; left: none;}<\/style>\n<\/p>\n<p>Est\u00e3o abertas at\u00e9 o dia 8 de mar\u00e7o as inscri\u00e7\u00f5es gratuitas de projetos para o 4\u00ba Edital de Cultura Pulsar, do Servi\u00e7o Social do Com\u00e9rcio do Estado do Rio de Janeiro (Sesc RJ ). As inscri\u00e7\u00f5es podem ser feitas pelo <a href=\"http:\/\/www.sescrio.org.br\/edital-de-cultura-sesc-rj\" target=\"_blank\"><em>site <\/em>do Sesc do Rio<\/a>.<aimg src=\"https:\/\/aagenciabrasil.ebc.com.br\/ebc.apng?id=1581326 o=node\" style=\"width:1px; height:1px; display:inline;\"><\/aimg><aimg src=\"https:\/\/aagenciabrasil.ebc.com.br\/ebc.agif?id=1581326 o=node\" style=\"width:1px; height:1px; display:inline;\"><\/aimg><\/p>\n<p>O edital deste ano traz muitas novidades, entre as quais, o investimento total para os projetos art\u00edsticos que forem selecionados para a programa\u00e7\u00e3o 2025, que aumentou de R$ 30 milh\u00f5es, na edi\u00e7\u00e3o anterior, para R$ 36 milh\u00f5es agora. Foram introduzidos tamb\u00e9m cadernos t\u00e9cnicos espec\u00edficos para as diversas linguagens (teatro, dan\u00e7a, circo, artes visuais, audiovisual, literatura e m\u00fasica), incluindo a programa\u00e7\u00e3o regular das unidades Sesc e dos projetos estrat\u00e9gicos O Corpo Negro, Baixada em Foco, Nova M\u00fasica Convida e Palavra L\u00edquida.<\/p>\n<p>A coordenadora de Arte do Sesc RJ, Fabiana Vilar, disse \u00e0 <strong>Ag\u00eancia Brasil<\/strong> que os cadernos t\u00e9cnicos tornar\u00e3o mais f\u00e1cil para os que se inscreverem saber exatamente quais s\u00e3o os crit\u00e9rios e materiais obrigat\u00f3rios de cada uma das linguagens com as pr\u00f3prias instru\u00e7\u00f5es. Segundo Fabiana, isso vai facilitar o trabalho dos produtores, j\u00e1 que todas as informa\u00e7\u00f5es e orienta\u00e7\u00f5es sobre a linguagem estar\u00e3o reunidas no documento.<\/p>\n<h2>Acessibilidade<\/h2>\n<p>O edital tem tamb\u00e9m a\u00e7\u00f5es de inclus\u00e3o de acessibilidade em todas as categorias, em conson\u00e2ncia com a Lei de Acessibilidade 10.098\/2000, que visa democratizar o acesso \u00e0s produ\u00e7\u00f5es culturais de pessoas com defici\u00eancia, al\u00e9m de uma nova linha de projetos de interven\u00e7\u00e3o no campo das artes visuais voltados para a sua rela\u00e7\u00e3o com a arte urbana, com foco para o grafite e suas m\u00faltiplas realiza\u00e7\u00f5es.<\/p>\n<p>Outra novidade \u00e9 que, a partir desta edi\u00e7\u00e3o, a programa\u00e7\u00e3o passar\u00e1 a atender todas as 22 unidades do Sesc RJ, incluindo os seis hot\u00e9is da rede, as salas de teatro, audit\u00f3rios e espa\u00e7os abertos dentro e fora das unidades da institui\u00e7\u00e3o.<\/p>\n<p>Cada proponente poder\u00e1 inscrever at\u00e9 tr\u00eas projetos, mas ser\u00e1 selecionado apenas um por categoria. A sele\u00e7\u00e3o \u00e9 aberta a projetos de todo o pa\u00eds, que podem ser submetidos por empresas legalmente constitu\u00eddas como de atividade art\u00edstica e microempreendedores individuais (MEI).<\/p>\n<p>O nome dos contemplados deve ser divulgado em 30 de agosto, e os projetos selecionados, desenvolvidos a partir de mar\u00e7o de 2025.<\/p>\n<h2>Recorde<\/h2>\n<p>Criado em 2021 para reativar o setor ap\u00f3s o impacto da pandemia de covid-19, o Edital de Cultura Pulsar vem se \u00e9 consolidando como uma das mais importantes ferramentas de incentivo \u00e0 cultura fluminense. Na \u00faltima edi\u00e7\u00e3o, em 2023, o Sesc RJ recebeu 4.153 projetos de 23 estados, n\u00famero considerado recorde.<\/p>\n<p>Segundo Fabiana, no ano passado, a iniciativa recebeu muitas propostas, de lugares bem diferentes. &#8220;Nossa expectativa este ano \u00e9 conseguir ainda mais projetos inscritos e mais projetos contemplados. Vamos ter mais or\u00e7amento tamb\u00e9m e queremos trazer projetos de todo o Brasil.\u201d A ideia \u00e9 proporcionar ao p\u00fablico fluminense experi\u00eancias art\u00edsticas que venham de fora do estado e da Regi\u00e3o Sudeste. Na edi\u00e7\u00e3o do ano passado, foram selecionados 330 projetos.<\/p>\n<p>Desde a primeira edi\u00e7\u00e3o do edital, o n\u00famero de atra\u00e7\u00f5es cresceu 125%, alcan\u00e7ando mais de 1 milh\u00e3o de pessoas, em 20 unidades do Sesc RJ e em dezenas de espa\u00e7os escolares e urbanos. \u201cNossa expectativa \u00e9 crescer um pouco mais&#8221;, disse Fabiana. Cada linguagem art\u00edstica tem um teto de or\u00e7amento. A sele\u00e7\u00e3o \u00e9 feita de acordo com a demanda das unidades Sesc e do que recebe em termos de programa\u00e7\u00e3o que seja interessante, explicou.<\/p>\n<p>O presidente do Sistema Fecom\u00e9rcio RJ, Antonio Florencio de Queiroz Junior, destacou que o edital Pulsar reafirma a pol\u00edtica de incentivo \u00e0 cultura do Sesc RJ e \u00e9 aprimorado, a cada ano, para atender tanto aos anseios do setor quanto as exig\u00eancias do p\u00fablico espectador. \u201cNa quarta edi\u00e7\u00e3o, ampliamos os investimentos e esperamos alcan\u00e7ar maior n\u00famero e proced\u00eancia de produ\u00e7\u00f5es, a fim de oferecer uma programa\u00e7\u00e3o cada vez mais plural, com excel\u00eancia t\u00e9cnica e relev\u00e2ncia tem\u00e1tica \u00e0 popula\u00e7\u00e3o fluminense.\u201d<\/p>\n<p class=\"alt-font font-italic my-2 small text-info\">\n                                                Edi\u00e7\u00e3o:   N\u00e1dia Franco                    <\/p>\n<p>            <!-- blog End --><\/p>\n<p>            <!-- tag and share --><\/p>\n<p> Fonte: EBC <\/p>\n<input type=\"hidden\" id=\"baseurl\" value=\"https:\/\/noticiasdestaque.com.br\"><input type=\"hidden\" id=\"audio_nonce\" value=\"6a24ca502e\">","protected":false},"excerpt":{"rendered":"<p>Investimento para projetos selecionados ser\u00e1 de R$ 36 milh\u00f5es este ano<\/p>\n","protected":false},"author":1,"featured_media":12856,"comment_status":"open","ping_status":"open","sticky":false,"template":"","format":"standard","meta":{"fifu_image_url":"","fifu_image_alt":"","footnotes":""},"categories":[1],"tags":[169],"class_list":["post-12854","post","type-post","status-publish","format-standard","has-post-thumbnail","hentry","category-uncategorized","tag-reabilitacao-para-alcoolatras"],"distributor_meta":false,"distributor_terms":false,"distributor_media":false,"distributor_original_site_name":"Noticias em Destaque","distributor_original_site_url":"https:\/\/noticiasdestaque.com.br","push-errors":false,"_links":{"self":[{"href":"https:\/\/noticiasdestaque.com.br\/index.php\/wp-json\/wp\/v2\/posts\/12854","targetHints":{"allow":["GET"]}}],"collection":[{"href":"https:\/\/noticiasdestaque.com.br\/index.php\/wp-json\/wp\/v2\/posts"}],"about":[{"href":"https:\/\/noticiasdestaque.com.br\/index.php\/wp-json\/wp\/v2\/types\/post"}],"author":[{"embeddable":true,"href":"https:\/\/noticiasdestaque.com.br\/index.php\/wp-json\/wp\/v2\/users\/1"}],"replies":[{"embeddable":true,"href":"https:\/\/noticiasdestaque.com.br\/index.php\/wp-json\/wp\/v2\/comments?post=12854"}],"version-history":[{"count":1,"href":"https:\/\/noticiasdestaque.com.br\/index.php\/wp-json\/wp\/v2\/posts\/12854\/revisions"}],"predecessor-version":[{"id":12855,"href":"https:\/\/noticiasdestaque.com.br\/index.php\/wp-json\/wp\/v2\/posts\/12854\/revisions\/12855"}],"wp:featuredmedia":[{"embeddable":true,"href":"https:\/\/noticiasdestaque.com.br\/index.php\/wp-json\/wp\/v2\/media\/12856"}],"wp:attachment":[{"href":"https:\/\/noticiasdestaque.com.br\/index.php\/wp-json\/wp\/v2\/media?parent=12854"}],"wp:term":[{"taxonomy":"category","embeddable":true,"href":"https:\/\/noticiasdestaque.com.br\/index.php\/wp-json\/wp\/v2\/categories?post=12854"},{"taxonomy":"post_tag","embeddable":true,"href":"https:\/\/noticiasdestaque.com.br\/index.php\/wp-json\/wp\/v2\/tags?post=12854"}],"curies":[{"name":"wp","href":"https:\/\/api.w.org\/{rel}","templated":true}]}}