{"id":12845,"date":"2024-02-18T20:28:00","date_gmt":"2024-02-18T20:28:00","guid":{"rendered":"https:\/\/noticiasdestaque.com.br\/index.php\/2024\/02\/18\/quot-a-minha-policia-e-feita-para-salvar-o-meu-povoquot-diz-caiado\/"},"modified":"2024-02-18T20:28:00","modified_gmt":"2024-02-18T20:28:00","slug":"quot-a-minha-policia-e-feita-para-salvar-o-meu-povoquot-diz-caiado","status":"publish","type":"post","link":"https:\/\/noticiasdestaque.com.br\/index.php\/2024\/02\/18\/quot-a-minha-policia-e-feita-para-salvar-o-meu-povoquot-diz-caiado\/","title":{"rendered":""},"content":{"rendered":"<p>O governador de Goi\u00e1s, Ronaldo Caiado (Uni\u00e3o Brasil), refor\u00e7ou que o Estado precisa enfrentar urgentemente o narcotr\u00e1fico e criticou o uso de c\u00e2meras em uniformes policiais, que, para ele, n\u00e3o ajudam efetivamente na seguran\u00e7a p\u00fablica. <\/p>\n<p>\u201cEu acho que a c\u00e2mera n\u00e3o traz resultado nenhum, s\u00f3 faz inibir o policial. Cidad\u00e3o quando est\u00e1 armado, a minha pol\u00edcia entra para resolver, ela n\u00e3o entra para tomar tiro. A minha pol\u00edcia \u00e9 feita para salvar o meu povo, ela \u00e9 feita para dar seguran\u00e7a aos goianos\u201d, afirma.<\/p>\n<p>A declara\u00e7\u00e3o foi dada em entrevista ao programa Di\u00e1logos com Mario S\u00e9rgio Conti, da GloboNews, na edi\u00e7\u00e3o da \u00faltima sexta-feira (16). <\/p>\n<p>Segundo o governador, a tese de que a viol\u00eancia causada pelo tr\u00e1fico \u00e9 um problema social deve ser derrubada, porque as fac\u00e7\u00f5es criminosas envolvem muitos ricos e poderosos.<\/p>\n<p>\u201cAgora voc\u00ea compra franquia em S\u00e3o Paulo. Agora o PCC vende um quarteir\u00e3o que garante que s\u00f3 voc\u00ea vai negociar a coca\u00edna e a maconha. Dependendo do ponto \u00e9 3 milh\u00f5es, 500 mil. N\u00f3s precisamos ter a coragem de enfrentar isso. O Estado n\u00e3o pode mais se acovardar\u201d, ressalta.<\/p>\n<p>De acordo com o \u00faltimo Atlas da Viol\u00eancia, divulgado em dezembro, Goi\u00e1s foi o terceiro estado que mais reduziu a taxa de homic\u00eddios de 2020 a 2021, com queda de 16,8%, enquanto a m\u00e9dia nacional reduziu 4,1%. Se considerado o per\u00edodo de 2016 a 2021, a redu\u00e7\u00e3o foi 40,3%. O estudo \u00e9 do Instituto de Pesquisa Econ\u00f4mica Aplicada (Ipea). <\/p>\n<p>Dados do Minist\u00e9rio da Justi\u00e7a e Seguran\u00e7a P\u00fablica revelam que em algumas regi\u00f5es do Brasil a situa\u00e7\u00e3o envolvendo a criminalidade \u00e9 cr\u00edtica, como \u00e9 o caso do Norte do pa\u00eds. Em 2023, a regi\u00e3o registrou aumento nos n\u00fameros de viol\u00eancia. Foram 8.361 v\u00edtimas, o equivalente a 28 por dia, incluindo tentativas de homic\u00eddio \u2014 uma eleva\u00e7\u00e3o de 5,72%. J\u00e1 no Nordeste, a Bahia est\u00e1 em destaque. O estado contou com o maior n\u00famero de homic\u00eddio doloso do pa\u00eds: 3.895, cerca de 102 mortes desse tipo a cada dia.  <\/p>\n<p> Fonte: Brasil61<\/p>\n<input type=\"hidden\" id=\"baseurl\" value=\"https:\/\/noticiasdestaque.com.br\"><input type=\"hidden\" id=\"audio_nonce\" value=\"6a24ca502e\">","protected":false},"excerpt":{"rendered":"<p>Governador de Goi\u00e1s refor\u00e7ou que o uso de c\u00e2meras em uniforme policial n\u00e3o ajuda a enfrentar o crime organizado<\/p>\n","protected":false},"author":1,"featured_media":12847,"comment_status":"open","ping_status":"open","sticky":false,"template":"","format":"standard","meta":{"fifu_image_url":"","fifu_image_alt":"","footnotes":""},"categories":[1],"tags":[106],"class_list":["post-12845","post","type-post","status-publish","format-standard","has-post-thumbnail","hentry","category-uncategorized","tag-brunna-pareja"],"distributor_meta":false,"distributor_terms":false,"distributor_media":false,"distributor_original_site_name":"Noticias em Destaque","distributor_original_site_url":"https:\/\/noticiasdestaque.com.br","push-errors":false,"_links":{"self":[{"href":"https:\/\/noticiasdestaque.com.br\/index.php\/wp-json\/wp\/v2\/posts\/12845","targetHints":{"allow":["GET"]}}],"collection":[{"href":"https:\/\/noticiasdestaque.com.br\/index.php\/wp-json\/wp\/v2\/posts"}],"about":[{"href":"https:\/\/noticiasdestaque.com.br\/index.php\/wp-json\/wp\/v2\/types\/post"}],"author":[{"embeddable":true,"href":"https:\/\/noticiasdestaque.com.br\/index.php\/wp-json\/wp\/v2\/users\/1"}],"replies":[{"embeddable":true,"href":"https:\/\/noticiasdestaque.com.br\/index.php\/wp-json\/wp\/v2\/comments?post=12845"}],"version-history":[{"count":1,"href":"https:\/\/noticiasdestaque.com.br\/index.php\/wp-json\/wp\/v2\/posts\/12845\/revisions"}],"predecessor-version":[{"id":12846,"href":"https:\/\/noticiasdestaque.com.br\/index.php\/wp-json\/wp\/v2\/posts\/12845\/revisions\/12846"}],"wp:featuredmedia":[{"embeddable":true,"href":"https:\/\/noticiasdestaque.com.br\/index.php\/wp-json\/wp\/v2\/media\/12847"}],"wp:attachment":[{"href":"https:\/\/noticiasdestaque.com.br\/index.php\/wp-json\/wp\/v2\/media?parent=12845"}],"wp:term":[{"taxonomy":"category","embeddable":true,"href":"https:\/\/noticiasdestaque.com.br\/index.php\/wp-json\/wp\/v2\/categories?post=12845"},{"taxonomy":"post_tag","embeddable":true,"href":"https:\/\/noticiasdestaque.com.br\/index.php\/wp-json\/wp\/v2\/tags?post=12845"}],"curies":[{"name":"wp","href":"https:\/\/api.w.org\/{rel}","templated":true}]}}