{"id":12836,"date":"2024-02-18T18:58:00","date_gmt":"2024-02-18T18:58:00","guid":{"rendered":"https:\/\/noticiasdestaque.com.br\/index.php\/2024\/02\/18\/previsao-do-tempo-nordeste-pode-registrar-chuva-forte-nesta-segunda-feira\/"},"modified":"2024-02-18T18:58:00","modified_gmt":"2024-02-18T18:58:00","slug":"previsao-do-tempo-nordeste-pode-registrar-chuva-forte-nesta-segunda-feira","status":"publish","type":"post","link":"https:\/\/noticiasdestaque.com.br\/index.php\/2024\/02\/18\/previsao-do-tempo-nordeste-pode-registrar-chuva-forte-nesta-segunda-feira\/","title":{"rendered":"PREVIS\u00c3O DO TEMPO: Nordeste pode registrar chuva forte nesta segunda-feira (19)"},"content":{"rendered":"<p>O Nordeste concentra chuvas fortes nesta segunda-feira (19), principalmente no Piau\u00ed, incluindo Teresina, e no Maranh\u00e3o. De acordo com o Instituto Nacional de Meteorologia (Inmet), S\u00e3o Lu\u00eds, Fortaleza, Natal, Recife, Macei\u00f3 e Aracaju devem come\u00e7ar o dia com muitas nuvens e possibilidade de chuva isolada. Em Salvador, a manh\u00e3 vai contar com pancadas de chuva e trovoadas isoladas. <\/p>\n<p>\u00c0 tarde, h\u00e1 chance de chuva e trovoadas em todas as capitais, com exce\u00e7\u00e3o de S\u00e3o Lu\u00eds, que fica com tempo nublado, e \u00e0 noite deve chover em toda a regi\u00e3o. <\/p>\n<p>De acordo com  a meteorologista do Instituto Nacional de Meteorologia (Inmet), Andrea Ramos, a regi\u00e3o Nordeste tamb\u00e9m vai receber ao longo da semana volumes significativos de chuva, influenciada pela Zona de Converg\u00eancia Intertropical (ZCIT). <\/p>\n<p>\u201cEm alguns pontos podem ocorrer chuva com acumulado acima de 60 a 80 mil\u00edmetros. Entre segunda-feira (19) e quarta (21), a chuva fica muito concentrada no centro e oeste da Bahia, mas n\u00e3o se descarta chuvas tamb\u00e9m no centro do Piau\u00ed, parte oeste e sul do Cear\u00e1 e tamb\u00e9m no oeste de Pernambuco e da Para\u00edba, principalmente na ter\u00e7a e quarta-feira\u201d, analisa. <\/p>\n<p>H\u00e1 alerta de chuvas intensas do Inmet desde o sudoeste da Bahia, em cidades como Jequi\u00e9, Feira de Santana e Santo Ant\u00f4nio de Jesus, at\u00e9 o norte do Cear\u00e1, na cidade de Sobral. <\/p>\n<p>A temperatura m\u00ednima entre as capitais nesta segunda-feira ser\u00e1 de 25\u00baC em S\u00e3o Lu\u00eds, Teresina, Natal e Salvador e a m\u00e1xima ser\u00e1 de 33\u00baC em Macei\u00f3 e Salvador.<\/p>\n<p>As informa\u00e7\u00f5es s\u00e3o do Instituto Nacional de Meteorologia.<\/p>\n<p> Fonte: Brasil61<\/p>\n<input type=\"hidden\" id=\"baseurl\" value=\"https:\/\/noticiasdestaque.com.br\"><input type=\"hidden\" id=\"audio_nonce\" value=\"6f73a554f1\">","protected":false},"excerpt":{"rendered":"<p>A temperatura pode variar entre 25\u00baC e 33\u00baC nas capitais <\/p>\n","protected":false},"author":1,"featured_media":12838,"comment_status":"open","ping_status":"open","sticky":false,"template":"","format":"standard","meta":{"fifu_image_url":"","fifu_image_alt":"","footnotes":""},"categories":[1],"tags":[],"class_list":["post-12836","post","type-post","status-publish","format-standard","has-post-thumbnail","hentry","category-uncategorized"],"distributor_meta":false,"distributor_terms":false,"distributor_media":false,"distributor_original_site_name":"Noticias em Destaque","distributor_original_site_url":"https:\/\/noticiasdestaque.com.br","push-errors":false,"_links":{"self":[{"href":"https:\/\/noticiasdestaque.com.br\/index.php\/wp-json\/wp\/v2\/posts\/12836","targetHints":{"allow":["GET"]}}],"collection":[{"href":"https:\/\/noticiasdestaque.com.br\/index.php\/wp-json\/wp\/v2\/posts"}],"about":[{"href":"https:\/\/noticiasdestaque.com.br\/index.php\/wp-json\/wp\/v2\/types\/post"}],"author":[{"embeddable":true,"href":"https:\/\/noticiasdestaque.com.br\/index.php\/wp-json\/wp\/v2\/users\/1"}],"replies":[{"embeddable":true,"href":"https:\/\/noticiasdestaque.com.br\/index.php\/wp-json\/wp\/v2\/comments?post=12836"}],"version-history":[{"count":1,"href":"https:\/\/noticiasdestaque.com.br\/index.php\/wp-json\/wp\/v2\/posts\/12836\/revisions"}],"predecessor-version":[{"id":12837,"href":"https:\/\/noticiasdestaque.com.br\/index.php\/wp-json\/wp\/v2\/posts\/12836\/revisions\/12837"}],"wp:featuredmedia":[{"embeddable":true,"href":"https:\/\/noticiasdestaque.com.br\/index.php\/wp-json\/wp\/v2\/media\/12838"}],"wp:attachment":[{"href":"https:\/\/noticiasdestaque.com.br\/index.php\/wp-json\/wp\/v2\/media?parent=12836"}],"wp:term":[{"taxonomy":"category","embeddable":true,"href":"https:\/\/noticiasdestaque.com.br\/index.php\/wp-json\/wp\/v2\/categories?post=12836"},{"taxonomy":"post_tag","embeddable":true,"href":"https:\/\/noticiasdestaque.com.br\/index.php\/wp-json\/wp\/v2\/tags?post=12836"}],"curies":[{"name":"wp","href":"https:\/\/api.w.org\/{rel}","templated":true}]}}