{"id":12833,"date":"2024-02-18T18:28:00","date_gmt":"2024-02-18T18:28:00","guid":{"rendered":"https:\/\/noticiasdestaque.com.br\/index.php\/2024\/02\/18\/previsao-do-tempo-sudeste-tem-pancadas-de-chuva-nesta-segunda-feira\/"},"modified":"2024-02-18T18:28:00","modified_gmt":"2024-02-18T18:28:00","slug":"previsao-do-tempo-sudeste-tem-pancadas-de-chuva-nesta-segunda-feira","status":"publish","type":"post","link":"https:\/\/noticiasdestaque.com.br\/index.php\/2024\/02\/18\/previsao-do-tempo-sudeste-tem-pancadas-de-chuva-nesta-segunda-feira\/","title":{"rendered":"PREVIS\u00c3O DO TEMPO: Sudeste tem pancadas de chuva nesta segunda-feira (19)"},"content":{"rendered":"<p>Segunda-feira (19) de chuva em quase toda a regi\u00e3o Sudeste. A capital do Rio de Janeiro tem dia com muitas nuvens com pancadas de chuva e trovoadas isoladas. Mesma situa\u00e7\u00e3o em S\u00e3o Paulo (capital), onde o c\u00e9u fica encoberto e podem ocorrer pancadas de chuva durante o dia e \u00e0 noite. Em Belo Horizonte, a previs\u00e3o \u00e9 de pancadas de chuva pela manh\u00e3, \u00e0 tarde e \u00e0 noite. <\/p>\n<p>Em Vit\u00f3ria, no Esp\u00edrito Santo, sol entre nuvens durante a manh\u00e3 e tarde com pancadas de chuva e trovoadas. \u00c0 noite o tempo continua fechado. <\/p>\n<p>H\u00e1 aviso de chuvas intensas do Instituto Nacional de Meteorologia (Inmet) at\u00e9 as 10h desta segunda-feira em parte de Minas Gerais, nas cidades de Sete Lagoas, Itabira e Passos e nos munic\u00edpios de Jundia\u00ed, S\u00e3o Carlos e Ribeir\u00e3o Preto, em S\u00e3o Paulo.<\/p>\n<p>Segundo a meteorologista do Inmet Andrea Ramos deve chover bastante durante a semana na regi\u00e3o. <\/p>\n<p>\u201cDe ter\u00e7a para quarta-feira com a forma\u00e7\u00e3o dessa frente [fria] ela fica posicionada na regi\u00e3o Sudeste onde vai ter volumes que podem ultrapassar os 80 mil\u00edmetros, chegando at\u00e9 os 100, ali no sul do Esp\u00edrito Santo e tamb\u00e9m em uma faixa mais a leste de Minas Gerais. N\u00e3o se descarta chuva em toda regi\u00e3o, mas com volume maior principalmente em Minas Gerais, Esp\u00edrito Santo, norte do Rio de Janeiro e noroeste de S\u00e3o Paulo\u201d, comenta.<\/p>\n<p>A temperatura m\u00ednima entre as capitais nesta segunda-feira ser\u00e1 de 18\u00baC em S\u00e3o Paulo e Belo Horizonte e a m\u00e1xima ser\u00e1 de 32\u00baC em Vit\u00f3ria.<\/p>\n<p>As informa\u00e7\u00f5es s\u00e3o do Instituto Nacional de Meteorologia.<\/p>\n<p> Fonte: Brasil61<\/p>\n<input type=\"hidden\" id=\"baseurl\" value=\"https:\/\/noticiasdestaque.com.br\"><input type=\"hidden\" id=\"audio_nonce\" value=\"6f73a554f1\">","protected":false},"excerpt":{"rendered":"<p>A temperatura pode variar entre 18\u00baC e 32\u00baC nas capitais <\/p>\n","protected":false},"author":1,"featured_media":12835,"comment_status":"open","ping_status":"open","sticky":false,"template":"","format":"standard","meta":{"fifu_image_url":"","fifu_image_alt":"","footnotes":""},"categories":[1],"tags":[],"class_list":["post-12833","post","type-post","status-publish","format-standard","has-post-thumbnail","hentry","category-uncategorized"],"distributor_meta":false,"distributor_terms":false,"distributor_media":false,"distributor_original_site_name":"Noticias em Destaque","distributor_original_site_url":"https:\/\/noticiasdestaque.com.br","push-errors":false,"_links":{"self":[{"href":"https:\/\/noticiasdestaque.com.br\/index.php\/wp-json\/wp\/v2\/posts\/12833","targetHints":{"allow":["GET"]}}],"collection":[{"href":"https:\/\/noticiasdestaque.com.br\/index.php\/wp-json\/wp\/v2\/posts"}],"about":[{"href":"https:\/\/noticiasdestaque.com.br\/index.php\/wp-json\/wp\/v2\/types\/post"}],"author":[{"embeddable":true,"href":"https:\/\/noticiasdestaque.com.br\/index.php\/wp-json\/wp\/v2\/users\/1"}],"replies":[{"embeddable":true,"href":"https:\/\/noticiasdestaque.com.br\/index.php\/wp-json\/wp\/v2\/comments?post=12833"}],"version-history":[{"count":1,"href":"https:\/\/noticiasdestaque.com.br\/index.php\/wp-json\/wp\/v2\/posts\/12833\/revisions"}],"predecessor-version":[{"id":12834,"href":"https:\/\/noticiasdestaque.com.br\/index.php\/wp-json\/wp\/v2\/posts\/12833\/revisions\/12834"}],"wp:featuredmedia":[{"embeddable":true,"href":"https:\/\/noticiasdestaque.com.br\/index.php\/wp-json\/wp\/v2\/media\/12835"}],"wp:attachment":[{"href":"https:\/\/noticiasdestaque.com.br\/index.php\/wp-json\/wp\/v2\/media?parent=12833"}],"wp:term":[{"taxonomy":"category","embeddable":true,"href":"https:\/\/noticiasdestaque.com.br\/index.php\/wp-json\/wp\/v2\/categories?post=12833"},{"taxonomy":"post_tag","embeddable":true,"href":"https:\/\/noticiasdestaque.com.br\/index.php\/wp-json\/wp\/v2\/tags?post=12833"}],"curies":[{"name":"wp","href":"https:\/\/api.w.org\/{rel}","templated":true}]}}