{"id":12830,"date":"2024-02-18T17:58:00","date_gmt":"2024-02-18T17:58:00","guid":{"rendered":"https:\/\/noticiasdestaque.com.br\/index.php\/2024\/02\/18\/previsao-do-tempo-semana-comeca-com-chuva-no-sul-do-pais-mas-tempo-deve-melhorar-nos-proximos-dias\/"},"modified":"2024-02-18T17:58:00","modified_gmt":"2024-02-18T17:58:00","slug":"previsao-do-tempo-semana-comeca-com-chuva-no-sul-do-pais-mas-tempo-deve-melhorar-nos-proximos-dias","status":"publish","type":"post","link":"https:\/\/noticiasdestaque.com.br\/index.php\/2024\/02\/18\/previsao-do-tempo-semana-comeca-com-chuva-no-sul-do-pais-mas-tempo-deve-melhorar-nos-proximos-dias\/","title":{"rendered":"PREVIS\u00c3O DO TEMPO: Semana come\u00e7a com chuva no Sul do pa\u00eds, mas tempo deve melhorar nos pr\u00f3ximos dias"},"content":{"rendered":"<p>Em Curitiba, no Paran\u00e1, o tempo fica fechado, com possibilidade de trovoadas pela manh\u00e3 e \u00e0 tarde. \u00c0 noite, a previs\u00e3o \u00e9 de chuva. J\u00e1 em Florian\u00f3polis ,em Santa Catarina, muitas nuvens com pancadas de chuva e trovoadas isoladas.  Em Porto Alegre, sol entre nuvens durante o dia, com possibilidade de chuva e trovoadas isoladas. \u00c0 noite o tempo fica fechado, segundo o Instituto Nacional de Meteorologia (Inmet). <\/p>\n<p>De acordo com a meteorologista do Inmet Andrea Ramos o tempo deve abrir na regi\u00e3o durante a semana.  <\/p>\n<p>\u201cA regi\u00e3o Sul, ao longo da semana, vai receber pouca chuva. As chuvas v\u00e3o ficar concentradas no norte do Rio Grande do Sul, Santa Catarina, uma por\u00e7\u00e3o no centro e oeste, e tamb\u00e9m no norte e oeste do Paran\u00e1\u201d, informa.<\/p>\n<p>A temperatura m\u00ednima entre as capitais nesta segunda-feira ser\u00e1 de 18\u00baC em Curitiba e e a m\u00e1xima ser\u00e1 de 29\u00baC em Florian\u00f3polis e Porto Alegre.<\/p>\n<p>As informa\u00e7\u00f5es s\u00e3o do Instituto Nacional de Meteorologia.\n <\/p>\n<p> Fonte: Brasil61<\/p>\n<input type=\"hidden\" id=\"baseurl\" value=\"https:\/\/noticiasdestaque.com.br\"><input type=\"hidden\" id=\"audio_nonce\" value=\"6f73a554f1\">","protected":false},"excerpt":{"rendered":"<p>A temperatura pode variar entre 18\u00baC e 29\u00baC nas capitais <\/p>\n","protected":false},"author":1,"featured_media":12832,"comment_status":"open","ping_status":"open","sticky":false,"template":"","format":"standard","meta":{"fifu_image_url":"","fifu_image_alt":"","footnotes":""},"categories":[1],"tags":[],"class_list":["post-12830","post","type-post","status-publish","format-standard","has-post-thumbnail","hentry","category-uncategorized"],"distributor_meta":false,"distributor_terms":false,"distributor_media":false,"distributor_original_site_name":"Noticias em Destaque","distributor_original_site_url":"https:\/\/noticiasdestaque.com.br","push-errors":false,"_links":{"self":[{"href":"https:\/\/noticiasdestaque.com.br\/index.php\/wp-json\/wp\/v2\/posts\/12830","targetHints":{"allow":["GET"]}}],"collection":[{"href":"https:\/\/noticiasdestaque.com.br\/index.php\/wp-json\/wp\/v2\/posts"}],"about":[{"href":"https:\/\/noticiasdestaque.com.br\/index.php\/wp-json\/wp\/v2\/types\/post"}],"author":[{"embeddable":true,"href":"https:\/\/noticiasdestaque.com.br\/index.php\/wp-json\/wp\/v2\/users\/1"}],"replies":[{"embeddable":true,"href":"https:\/\/noticiasdestaque.com.br\/index.php\/wp-json\/wp\/v2\/comments?post=12830"}],"version-history":[{"count":1,"href":"https:\/\/noticiasdestaque.com.br\/index.php\/wp-json\/wp\/v2\/posts\/12830\/revisions"}],"predecessor-version":[{"id":12831,"href":"https:\/\/noticiasdestaque.com.br\/index.php\/wp-json\/wp\/v2\/posts\/12830\/revisions\/12831"}],"wp:featuredmedia":[{"embeddable":true,"href":"https:\/\/noticiasdestaque.com.br\/index.php\/wp-json\/wp\/v2\/media\/12832"}],"wp:attachment":[{"href":"https:\/\/noticiasdestaque.com.br\/index.php\/wp-json\/wp\/v2\/media?parent=12830"}],"wp:term":[{"taxonomy":"category","embeddable":true,"href":"https:\/\/noticiasdestaque.com.br\/index.php\/wp-json\/wp\/v2\/categories?post=12830"},{"taxonomy":"post_tag","embeddable":true,"href":"https:\/\/noticiasdestaque.com.br\/index.php\/wp-json\/wp\/v2\/tags?post=12830"}],"curies":[{"name":"wp","href":"https:\/\/api.w.org\/{rel}","templated":true}]}}