{"id":12827,"date":"2024-02-16T09:47:00","date_gmt":"2024-02-16T09:47:00","guid":{"rendered":"https:\/\/noticiasdestaque.com.br\/index.php\/2024\/02\/16\/regiao-norte-projeto-de-concessao-inedito-para-uma-rodovia-federal-em-rondonia-deve-ir-a-leilao-este-ano\/"},"modified":"2024-02-16T09:47:00","modified_gmt":"2024-02-16T09:47:00","slug":"regiao-norte-projeto-de-concessao-inedito-para-uma-rodovia-federal-em-rondonia-deve-ir-a-leilao-este-ano","status":"publish","type":"post","link":"https:\/\/noticiasdestaque.com.br\/index.php\/2024\/02\/16\/regiao-norte-projeto-de-concessao-inedito-para-uma-rodovia-federal-em-rondonia-deve-ir-a-leilao-este-ano\/","title":{"rendered":"Regi\u00e3o Norte: projeto de concess\u00e3o\u00a0in\u00e9dito para uma rodovia federal em Rond\u00f4nia deve ir a leil\u00e3o este ano"},"content":{"rendered":"<p>O Minist\u00e9rio dos Transportes quer leiloar, neste ano, dois lotes de rodovias federais que cortam o estado de Rond\u00f4nia. A expectativa \u00e9 de que as concession\u00e1rias que vencerem as disputas invistam cerca de R$ 15,9 bilh\u00f5es na melhoria das tr\u00eas rodovias que o governo pretende abrir m\u00e3o. <\/p>\n<p>Entre elas, est\u00e1 o trecho da BR-364 que liga a capital Porto Velho \u00e0 Vilhena. O projeto de concess\u00e3o  \u2014 in\u00e9dito para uma rodovia federal em Rond\u00f4nia \u2014 est\u00e1 em an\u00e1lise no Tribunal de Contas da Uni\u00e3o (TCU). <\/p>\n<p>Segundo o especialista em projetos privados Rodrigo Petrasso, o leil\u00e3o da chamada Rota Agronorte, a exemplo de outros 12 previstos para 2024, indica que o governo quer priorizar a melhoria da infraestrutura respons\u00e1vel por escoar parte significativa da produ\u00e7\u00e3o agr\u00edcola brasileira. <\/p>\n<p>&#8220;Quando a gente observa a distribui\u00e7\u00e3o geogr\u00e1fica dos 13 leil\u00f5es que v\u00e3o ser realizados, a gente percebe que tem um foco no escoamento de produ\u00e7\u00e3o do Centro-Oeste. A gente tem a BR-364, por exemplo, Porto Velho-Vilhena, que \u00e9 a Rota Agronorte; a gente tem a BR-153, que vai de Goi\u00e1s para Minas Gerais; a BR-070; a BR-060. Todas elas voltadas a criar canais de escoamento a partir de Rond\u00f4nia, Mato Grosso, Mato Grosso do Sul, Goi\u00e1s, em dire\u00e7\u00e3o ao litoral, buscando a viabiliza\u00e7\u00e3o de uma malha rodovi\u00e1ria que permita o escoamento, para a exporta\u00e7\u00e3o das <em>commodities<\/em>&#8220;, afirma.  <\/p>\n<p>A BR-364 \u00e9 considerada um importante corredor log\u00edstico para o fluxo de exporta\u00e7\u00e3o do Arco Norte. A rodovia, que se inicia em Cordeir\u00f3polis-SP, corta o pa\u00eds de forma diagonal. <\/p>\n<p>Por ela ocorre o transporte de gr\u00e3os at\u00e9 Porto Velho, capital de Rond\u00f4nia, de onde a produ\u00e7\u00e3o parte pelo Rio Madeira e depois pelo Rio Amazonas. De acordo com o Minist\u00e9rio dos Transportes, pela BR-364 devem passar 12 milh\u00f5es de toneladas de gr\u00e3os em 2024. <\/p>\n<p>O trecho que deve ir a leil\u00e3o compreende 729 quil\u00f4metros, entre Vilhena e Porto Velho. Os investimentos devem superar os R$ 8 bilh\u00f5es e servir\u00e3o, por exemplo, para a duplica\u00e7\u00e3o de 113 quil\u00f4metros de asfalto. A expectativa \u00e9 de levar o projeto a leil\u00e3o no segundo semestre deste ano. <\/p>\n<p>Em um segundo leil\u00e3o, o governo pretende ofertar outros trechos da BR-364. O primeiro, entre o entroncamento da rodovia com a BR-435, em Vilhena, at\u00e9 a divisa com Mato Grosso. O segundo, da divisa RO\/MT at\u00e9 o entroncamento com a MT-235, em Sapezal, Mato Grosso. <\/p>\n<p>Fazem parte do mesmo leil\u00e3o trechos das BRs 174 e 070, ambas em Mato Grosso. Ao todo, o Minist\u00e9rio dos Transportes estima R$ 7,7 bilh\u00f5es em investimentos nas rodovias desse segundo lote. <\/p>\n<h2>Concess\u00f5es rodovi\u00e1rias em 2024<\/h2>\n<p>Em todo o pa\u00eds, o governo pretende fazer 13 leil\u00f5es de rodovias ao longo do ano. A expectativa \u00e9 de que as futuras concession\u00e1rias invistam cerca de R$ 122 bilh\u00f5es nessas BRs durante o per\u00edodo de validade dos contratos. <\/p>\n<\/p>\n<div class=\"share-buttons11 share-buttons11--gray\" style=\"text-align: center;text-align: center;position: absolute;top: 0;left: 72px;\">\n<div class=\"share-buttons__container11 share-buttons__container11--gray\" style=\"display: flex; flex-direction: column; align-items: center; gap: 10px;\"><a class=\"share-buttons__link share-buttons__link--gray\" data-action=\"share\/whatsapp\/share\" href=\"whatsapp:\/\/send?text= https:\/\/brasil61.com\/n\/regiao-norte-projeto-de-concessao-inedito-para-uma-rodovia-federal-em-rondonia-deve-ir-a-leilao-este-ano-bras2410949\" style=\"background-color: #25D366; border-radius: 50%; width: 50px; height: 50px; display: flex; align-items: center; justify-content: center;\"><svg xmlns=\"http:\/\/www.w3.org\/2000\/svg\" xmlns:v=\"https:\/\/vecta.io\/nano\" fill=\"currentColor\" style=\"width: 24px; height: 24px;\"><path fill-rule=\"evenodd\" d=\"M.93 11.809C.911 5.684 5.773.589 11.936.299c6.773-.321 12.343 5.14 12.132 11.844-.196 6.25-5.447 11.215-11.746 11.119a11.58 11.58 0 0 1-4.972-1.198l-5.843 1.374a.45.45 0 0 1-.417-.113.45.45 0 0 1-.129-.413l1.228-5.921A11.37 11.37 0 0 1 .93 11.809zm14.941 1.818l2.241.638v-.001a.83.83 0 0 1 .55.503.83.83 0 0 1 .05.38c-.013.129-.057.253-.127.362-.437.686-1.134 1.525-2.004 1.734-1.533.37-3.891.009-6.833-2.717-2.547-2.361-3.22-4.326-3.061-5.885.09-.886.832-1.683 1.458-2.209a.84.84 0 0 1 .727-.176.84.84 0 0 1 .579.474l.942 2.118c.061.137.083.288.065.436s-.076.289-.168.407l-.478.615a.8.8 0 0 0-.17.439.81.81 0 0 0 .105.459c.57.986 2.8 2.954 3.86 3.38a.82.82 0 0 0 .888-.186l.548-.555a.84.84 0 0 1 .828-.216z\" fill=\"currentColor\"><\/path><\/svg><br \/>\n<\/a><a class=\"share-buttons__link share-buttons__link--gray\" href=\"http:\/\/www.facebook.com\/sharer.php?u=https:\/\/brasil61.com\/n\/regiao-norte-projeto-de-concessao-inedito-para-uma-rodovia-federal-em-rondonia-deve-ir-a-leilao-este-ano-bras2410949\n<\/p>\n<input type=\"hidden\" id=\"baseurl\" value=\"https:\/\/noticiasdestaque.com.br\"><input type=\"hidden\" id=\"audio_nonce\" value=\"6f73a554f1\">","protected":false},"excerpt":{"rendered":"<p>Minist\u00e9rio dos Transportes espera que concession\u00e1rias que arrematarem as rodovias invistam quase R$ 16 bi. Projeto de concess\u00e3o da BR-364, entre Porto Velho e Vilhena, est\u00e1 em an\u00e1lise no TCU<\/p>\n","protected":false},"author":1,"featured_media":12829,"comment_status":"open","ping_status":"open","sticky":false,"template":"","format":"standard","meta":{"fifu_image_url":"","fifu_image_alt":"","footnotes":""},"categories":[1],"tags":[106],"class_list":["post-12827","post","type-post","status-publish","format-standard","has-post-thumbnail","hentry","category-uncategorized","tag-brunna-pareja"],"distributor_meta":false,"distributor_terms":false,"distributor_media":false,"distributor_original_site_name":"Noticias em Destaque","distributor_original_site_url":"https:\/\/noticiasdestaque.com.br","push-errors":false,"_links":{"self":[{"href":"https:\/\/noticiasdestaque.com.br\/index.php\/wp-json\/wp\/v2\/posts\/12827","targetHints":{"allow":["GET"]}}],"collection":[{"href":"https:\/\/noticiasdestaque.com.br\/index.php\/wp-json\/wp\/v2\/posts"}],"about":[{"href":"https:\/\/noticiasdestaque.com.br\/index.php\/wp-json\/wp\/v2\/types\/post"}],"author":[{"embeddable":true,"href":"https:\/\/noticiasdestaque.com.br\/index.php\/wp-json\/wp\/v2\/users\/1"}],"replies":[{"embeddable":true,"href":"https:\/\/noticiasdestaque.com.br\/index.php\/wp-json\/wp\/v2\/comments?post=12827"}],"version-history":[{"count":1,"href":"https:\/\/noticiasdestaque.com.br\/index.php\/wp-json\/wp\/v2\/posts\/12827\/revisions"}],"predecessor-version":[{"id":12828,"href":"https:\/\/noticiasdestaque.com.br\/index.php\/wp-json\/wp\/v2\/posts\/12827\/revisions\/12828"}],"wp:featuredmedia":[{"embeddable":true,"href":"https:\/\/noticiasdestaque.com.br\/index.php\/wp-json\/wp\/v2\/media\/12829"}],"wp:attachment":[{"href":"https:\/\/noticiasdestaque.com.br\/index.php\/wp-json\/wp\/v2\/media?parent=12827"}],"wp:term":[{"taxonomy":"category","embeddable":true,"href":"https:\/\/noticiasdestaque.com.br\/index.php\/wp-json\/wp\/v2\/categories?post=12827"},{"taxonomy":"post_tag","embeddable":true,"href":"https:\/\/noticiasdestaque.com.br\/index.php\/wp-json\/wp\/v2\/tags?post=12827"}],"curies":[{"name":"wp","href":"https:\/\/api.w.org\/{rel}","templated":true}]}}