{"id":12776,"date":"2024-02-14T06:52:00","date_gmt":"2024-02-14T06:52:00","guid":{"rendered":"https:\/\/noticiasdestaque.com.br\/index.php\/2024\/02\/14\/em-dezembro-de-dos-municipios-registraram-aumento-liquido-de-empregos-de-carteira-assinada\/"},"modified":"2024-02-14T06:52:00","modified_gmt":"2024-02-14T06:52:00","slug":"em-dezembro-de-dos-municipios-registraram-aumento-liquido-de-empregos-de-carteira-assinada","status":"publish","type":"post","link":"https:\/\/noticiasdestaque.com.br\/index.php\/2024\/02\/14\/em-dezembro-de-dos-municipios-registraram-aumento-liquido-de-empregos-de-carteira-assinada\/","title":{"rendered":"Em dezembro de 2023, 24% dos munic\u00edpios registraram aumento l\u00edquido de empregos de carteira assinada"},"content":{"rendered":"<p>Em dezembro de 2023, 1.323 munic\u00edpios registraram um aumento l\u00edquido de empregos de carteira assinada, o que corresponde a 24% das cidades brasileiras. As informa\u00e7\u00f5es s\u00e3o do Informativo CNM (Confedera\u00e7\u00e3o Nacional dos Munic\u00edpios): Mercado de Trabalho.<\/p>\n<p>No acumulado de janeiro a dezembro do ano passado, o saldo de empregos atingiu 1,48 milh\u00e3o, apresentando uma queda de 26% em compara\u00e7\u00e3o com o mesmo per\u00edodo do ano anterior, quando o saldo totalizou 2,01 milh\u00f5es.<\/p>\n<p>Para o economista Cesar Bergo, o crescimento menor na gera\u00e7\u00e3o de empregos \u00e9 decorrente de quest\u00f5es p\u00f3s-pandemia da Covid-19. <\/p>\n<p>\u201cEm 2021, 2022, houve uma recupera\u00e7\u00e3o muito significativa na \u00e1rea de com\u00e9rcio e servi\u00e7os. E em 2023, surpreendeu o agroneg\u00f3cio que cresceu bastante no primeiro semestre mas no segundo semestre foi perdendo postos de trabalho e essas pessoas foram de alguma forma sendo deslocadas para o com\u00e9rcio e para o servi\u00e7o que mostraram bastante vigor no segundo semestre, fechando positivamente o crescimento do mercado de trabalho\u201d, avalia.<\/p>\n<h2>Veja a taxa de crescimento do estoque de ocupa\u00e7\u00f5es por regi\u00e3o geogr\u00e1fica:<\/h2>\n<p><em><img decoding=\"async\" alt=\"\" src=\"\/\/s3-sa-east-1.amazonaws.com\/agencia-radio-arb\/5714\/content_tabela_3_1-100.jpg\" style=\"width: 100%;\"><\/em><\/p>\n<p>Em dezembro, desconsiderado dados dos munic\u00edpios n\u00e3o identificados, houve a cria\u00e7\u00e3o de 1.496.644 empregos em compara\u00e7\u00e3o com 1.923.729 desligamentos, resultando em um saldo negativo de 427.085 postos de trabalho em todo o pa\u00eds.<\/p>\n<p>A menor redu\u00e7\u00e3o mensal foi registrada nas cidades com mais de 300 mil habitantes (-0,7%). Por outro lado, a maior expans\u00e3o em compara\u00e7\u00e3o com dezembro de 2022 ocorreu nas cidades com 5 a 10 mil habitantes ( 3,9%), enquanto o maior crescimento no ano fechado foi observado nas cidades com 20 a 50 mil habitantes (4,5%). A maior diminui\u00e7\u00e3o mensal aconteceu nos munic\u00edpios com 5 a 10 mil habitantes (-1,9%), enquanto o menor aumento em rela\u00e7\u00e3o a dezembro de 2022 foi nas pequenas cidades (3,2%), e no ano fechado, nas grandes cidades (3,8%).<\/p>\n<p>Jo\u00e3o Paulo Matos, empres\u00e1rio e s\u00f3cio da <em>Brazilian Car<\/em>, afirma que contratou novos funcion\u00e1rios em dezembro, para manter a qualidade do atendimento ao cliente, j\u00e1 que nesse per\u00edodo, observa-se um aumento do volume de clientes. <\/p>\n<p>\u201cTodos os anos, na verdade, a gente v\u00ea um aumento nas contrata\u00e7\u00f5es em dezembro, e ultimamente tem tido esse aumento at\u00e9 um pouco antes, ali em novembro mesmo, por causa da Black Friday, ent\u00e3o a gente j\u00e1 faz o aumento do efetivo. N\u00f3s n\u00e3o queremos deixar nenhuma oportunidade de venda passar, precisamos de mais vendedores para fazer todo esse atendimento\u201d, explica.<\/p>\n<h2>Expectativas para 2024<\/h2>\n<p>De acordo com Cesar Bergo, para 2024, espera-se que o mercado de trabalho cres\u00e7a, mas em uma velocidade menor na compara\u00e7\u00e3o com 2023 e implicando em uma queda do desemprego. Entretanto, ele pontua que isso depende de quest\u00f5es econ\u00f4micas, como queda na taxa de juros para que a ind\u00fastria corresponda na contrata\u00e7\u00e3o.<\/p>\n<p>\u201cNo tocante aos munic\u00edpios, o que se observa \u00e9 que os  munic\u00edpios m\u00e9dios eles v\u00eam apresentando o resultado melhor em rela\u00e7\u00e3o aos pequenos e grandes munic\u00edpios, mas tamb\u00e9m existe uma caracter\u00edstica, porque esses munic\u00edpios m\u00e9dios eles acabam oferecendo mais oportunidades na \u00e1rea de com\u00e9rcio e servi\u00e7o  \u2014 e a tend\u00eancia \u00e9 que o setor de servi\u00e7o continue ainda tendo esse vigor na contrata\u00e7\u00e3o de m\u00e3o de obras para os pr\u00f3ximos anos\u201d, completa.<\/p>\n<p><strong>Leia mais:<\/strong><\/p>\n<\/p>\n<div class=\"share-buttons11 share-buttons11--gray\" style=\"text-align: center;text-align: center;position: absolute;top: 0;left: 72px;\">\n<div class=\"share-buttons__container11 share-buttons__container11--gray\" style=\"display: flex; flex-direction: column; align-items: center; gap: 10px;\"><a class=\"share-buttons__link share-buttons__link--gray\" data-action=\"share\/whatsapp\/share\" href=\"whatsapp:\/\/send?text= https:\/\/brasil61.com\/n\/em-dezembro-de-2023-24-dos-municipios-registraram-aumento-liquido-de-empregos-de-carteira-assinada-bras2410913\" style=\"background-color: #25D366; border-radius: 50%; width: 50px; height: 50px; display: flex; align-items: center; justify-content: center;\"><svg xmlns=\"http:\/\/www.w3.org\/2000\/svg\" xmlns:v=\"https:\/\/vecta.io\/nano\" fill=\"currentColor\" style=\"width: 24px; height: 24px;\"><path fill-rule=\"evenodd\" d=\"M.93 11.809C.911 5.684 5.773.589 11.936.299c6.773-.321 12.343 5.14 12.132 11.844-.196 6.25-5.447 11.215-11.746 11.119a11.58 11.58 0 0 1-4.972-1.198l-5.843 1.374a.45.45 0 0 1-.417-.113.45.45 0 0 1-.129-.413l1.228-5.921A11.37 11.37 0 0 1 .93 11.809zm14.941 1.818l2.241.638v-.001a.83.83 0 0 1 .55.503.83.83 0 0 1 .05.38c-.013.129-.057.253-.127.362-.437.686-1.134 1.525-2.004 1.734-1.533.37-3.891.009-6.833-2.717-2.547-2.361-3.22-4.326-3.061-5.885.09-.886.832-1.683 1.458-2.209a.84.84 0 0 1 .727-.176.84.84 0 0 1 .579.474l.942 2.118c.061.137.083.288.065.436s-.076.289-.168.407l-.478.615a.8.8 0 0 0-.17.439.81.81 0 0 0 .105.459c.57.986 2.8 2.954 3.86 3.38a.82.82 0 0 0 .888-.186l.548-.555a.84.84 0 0 1 .828-.216z\" fill=\"currentColor\"><\/path><\/svg><br \/>\n<\/a><a class=\"share-buttons__link share-buttons__link--gray\" href=\"http:\/\/www.facebook.com\/sharer.php?u=https:\/\/brasil61.com\/n\/em-dezembro-de-2023-24-dos-municipios-registraram-aumento-liquido-de-empregos-de-carteira-assinada-bras2410913\n<\/p>\n<input type=\"hidden\" id=\"baseurl\" value=\"https:\/\/noticiasdestaque.com.br\"><input type=\"hidden\" id=\"audio_nonce\" value=\"c9f06e19e6\">","protected":false},"excerpt":{"rendered":"<p>Economista aponta fatores que podem ter contribu\u00eddo para esse resultado<\/p>\n","protected":false},"author":1,"featured_media":12778,"comment_status":"open","ping_status":"open","sticky":false,"template":"","format":"standard","meta":{"fifu_image_url":"","fifu_image_alt":"","footnotes":""},"categories":[1],"tags":[107],"class_list":["post-12776","post","type-post","status-publish","format-standard","has-post-thumbnail","hentry","category-uncategorized","tag-closer-vendedor-milionario"],"distributor_meta":false,"distributor_terms":false,"distributor_media":false,"distributor_original_site_name":"Noticias em Destaque","distributor_original_site_url":"https:\/\/noticiasdestaque.com.br","push-errors":false,"_links":{"self":[{"href":"https:\/\/noticiasdestaque.com.br\/index.php\/wp-json\/wp\/v2\/posts\/12776","targetHints":{"allow":["GET"]}}],"collection":[{"href":"https:\/\/noticiasdestaque.com.br\/index.php\/wp-json\/wp\/v2\/posts"}],"about":[{"href":"https:\/\/noticiasdestaque.com.br\/index.php\/wp-json\/wp\/v2\/types\/post"}],"author":[{"embeddable":true,"href":"https:\/\/noticiasdestaque.com.br\/index.php\/wp-json\/wp\/v2\/users\/1"}],"replies":[{"embeddable":true,"href":"https:\/\/noticiasdestaque.com.br\/index.php\/wp-json\/wp\/v2\/comments?post=12776"}],"version-history":[{"count":1,"href":"https:\/\/noticiasdestaque.com.br\/index.php\/wp-json\/wp\/v2\/posts\/12776\/revisions"}],"predecessor-version":[{"id":12777,"href":"https:\/\/noticiasdestaque.com.br\/index.php\/wp-json\/wp\/v2\/posts\/12776\/revisions\/12777"}],"wp:featuredmedia":[{"embeddable":true,"href":"https:\/\/noticiasdestaque.com.br\/index.php\/wp-json\/wp\/v2\/media\/12778"}],"wp:attachment":[{"href":"https:\/\/noticiasdestaque.com.br\/index.php\/wp-json\/wp\/v2\/media?parent=12776"}],"wp:term":[{"taxonomy":"category","embeddable":true,"href":"https:\/\/noticiasdestaque.com.br\/index.php\/wp-json\/wp\/v2\/categories?post=12776"},{"taxonomy":"post_tag","embeddable":true,"href":"https:\/\/noticiasdestaque.com.br\/index.php\/wp-json\/wp\/v2\/tags?post=12776"}],"curies":[{"name":"wp","href":"https:\/\/api.w.org\/{rel}","templated":true}]}}