{"id":12773,"date":"2024-02-14T06:22:00","date_gmt":"2024-02-14T06:22:00","guid":{"rendered":"https:\/\/noticiasdestaque.com.br\/index.php\/2024\/02\/14\/plataforma-recircula-brasil-permite-rastrear-reutilizacao-de-plastico\/"},"modified":"2024-02-14T06:22:00","modified_gmt":"2024-02-14T06:22:00","slug":"plataforma-recircula-brasil-permite-rastrear-reutilizacao-de-plastico","status":"publish","type":"post","link":"https:\/\/noticiasdestaque.com.br\/index.php\/2024\/02\/14\/plataforma-recircula-brasil-permite-rastrear-reutilizacao-de-plastico\/","title":{"rendered":"Plataforma Recircula Brasil permite rastrear reutiliza\u00e7\u00e3o de pl\u00e1stico"},"content":{"rendered":"<p>Apenas 25,6% das embalagens pl\u00e1sticas s\u00e3o recicladas atualmente no Brasil, segundo a Associa\u00e7\u00e3o Brasileira da Ind\u00fastria do Pl\u00e1stico (Abiplast). O material pode levar at\u00e9 450 anos para se decompor. Por isso, o descarte inadequado traz impactos ao meio ambiente. Com o objetivo de promover a reciclagem do pl\u00e1stico, a Abiplast e a Ag\u00eancia Brasileira de Desenvolvimento Industrial (ABDI) desenvolveram a plataforma \u201cRecircula Brasil.\u201d Lan\u00e7ada em 2023, a iniciativa j\u00e1 conta com a participa\u00e7\u00e3o de 5% do setor. <\/p>\n<p>A ferramenta rastreia os res\u00edduos pl\u00e1sticos desde a origem at\u00e9 a reinser\u00e7\u00e3o como mat\u00e9ria-prima utilizada em outro produto, segundo o presidente-executivo da Abiplast, Paulo Teixeira. \u201cA gente, junto com o governo federal, desenvolveu uma plataforma em que entra o res\u00edduo e dali voc\u00ea sabe quem transformou isso em resina reciclada. Depois, para quem ele vendeu essa resina reciclada, que produto que ele fez e quanto de conte\u00fado reciclado tem esse produto final que o transformador fez. Ent\u00e3o a gente consegue saber de qual cooperativa ele veio e aonde foi parar\u201d, afirma. <\/p>\n<p>A Cimflex \u00e9 uma ind\u00fastria pl\u00e1stica que oferece solu\u00e7\u00f5es para a constru\u00e7\u00e3o civil e infraestrutura que participa da plataforma Recircula Brasil desde o in\u00edcio. O diretor-presidente da empresa, Ricardo Jamil Hajaj, afirma que a ferramenta contribui com as necessidades do setor e traz solidez para o mercado. <\/p>\n<p>\u201cEsse sistema tem uma import\u00e2ncia fundamental para a cadeia circular do pl\u00e1stico porque ele vai poder dar \u00e0s empresas a garantia de rastreabilidade para os nosso clientes. A garantia de idoneidade do res\u00edduo e da fonte e da aplica\u00e7\u00e3o \u2014 porque n\u00f3s temos o controle total desde a nota de compra do res\u00edduos at\u00e9 a nota de venda do produto acabado\u201d, pontua. <\/p>\n<p>A iniciativa vai ao encontro da ideia de economia circular: um modelo econ\u00f4mico pautado na busca pela redu\u00e7\u00e3o do desperd\u00edcio baseada nos princ\u00edpios de reduzir, reutilizar e reciclar. A economia circular \u00e9 um dos quatro pilares da miss\u00e3o de descarboniza\u00e7\u00e3o do setor produtivo da Confedera\u00e7\u00e3o Nacional da Ind\u00fastria (CNI) . <\/p>\n<p>Essa forma de produ\u00e7\u00e3o utiliza novos modelos de neg\u00f3cios, otimiza\u00e7\u00e3o nos processos de fabrica\u00e7\u00e3o, menor depend\u00eancia de mat\u00e9ria-prima virgem e prioriza\u00e7\u00e3o de insumos mais dur\u00e1veis, recicl\u00e1veis e renov\u00e1veis.<\/p>\n<p>\n<a href=\"https:\/\/brasil61.com\/n\/aumento-na-geracao-de-residuos-solidos-representa-risco-ambiental-e-a-saude-humana-pind244442\">Aumento na gera\u00e7\u00e3o de res\u00edduos s\u00f3lidos representa risco ambiental e \u00e0 sa\u00fade humana<\/a><\/p>\n<h2>Reciclagem<\/h2>\n<p>No Brasil, cerca de 22 milh\u00f5es de pessoas n\u00e3o possuem acesso \u00e0 cobertura de coleta domiciliar de lixo. Segundo dados do Minist\u00e9rio da Integra\u00e7\u00e3o e do Desenvolvimento Regional (MIDR), as regi\u00f5es Norte e Nordeste apresentam os menores \u00edndices. O advogado e consultor em gest\u00e3o de res\u00edduos e economia circular Fabr\u00edcio Soler ressalta que a reciclagem potencializa o desenvolvimento de uma nova economia, gera emprego e renda. <\/p>\n<p>&#8220;Potencializa a ader\u00eancia do Brasil com a agenda de economia circular e os crit\u00e9rios ambientais, sociais e governan\u00e7a do ESG . E, tamb\u00e9m, ao definhar esse volume de aterros sanit\u00e1rios e de lix\u00f5es, n\u00f3s estamos evitando que recursos sejam encaminhados para disposi\u00e7\u00e3o final. E muitas das vezes de forma inadequada porque eles v\u00e3o parar em lix\u00f5es e porventura podem estar impactando o ambiente quando v\u00e3o para lix\u00f5es\u201d, explica. <\/p>\n<p>O Panorama dos Res\u00edduos S\u00f3lidos no Brasil 2022, publicado pela Associa\u00e7\u00e3o Brasileira de Empresas de Limpeza P\u00fablica e Res\u00edduos Especiais (Abrelpe), mostra que o pa\u00eds gerou cerca de 81,8 milh\u00f5es de toneladas de res\u00edduos em um ano \u2014 o que corresponde a 224 mil toneladas di\u00e1rias. Em m\u00e9dia, cada brasileiro produziu 1,043kg de res\u00edduos por dia.<\/p>\n<div class=\"share-buttons11 share-buttons11--gray\" style=\"text-align: center;text-align: center;position: absolute;top: 0;left: 72px;\">\n<div class=\"share-buttons__container11 share-buttons__container11--gray\" style=\"display: flex; flex-direction: column; align-items: center; gap: 10px;\"><a class=\"share-buttons__link share-buttons__link--gray\" data-action=\"share\/whatsapp\/share\" href=\"whatsapp:\/\/send?text= https:\/\/brasil61.com\/n\/plataforma-recircula-brasil-permite-rastrear-reutilizacao-de-plastico-pivd240043\" style=\"background-color: #25D366; border-radius: 50%; width: 50px; height: 50px; display: flex; align-items: center; justify-content: center;\"><svg xmlns=\"http:\/\/www.w3.org\/2000\/svg\" xmlns:v=\"https:\/\/vecta.io\/nano\" fill=\"currentColor\" style=\"width: 24px; height: 24px;\"><path fill-rule=\"evenodd\" d=\"M.93 11.809C.911 5.684 5.773.589 11.936.299c6.773-.321 12.343 5.14 12.132 11.844-.196 6.25-5.447 11.215-11.746 11.119a11.58 11.58 0 0 1-4.972-1.198l-5.843 1.374a.45.45 0 0 1-.417-.113.45.45 0 0 1-.129-.413l1.228-5.921A11.37 11.37 0 0 1 .93 11.809zm14.941 1.818l2.241.638v-.001a.83.83 0 0 1 .55.503.83.83 0 0 1 .05.38c-.013.129-.057.253-.127.362-.437.686-1.134 1.525-2.004 1.734-1.533.37-3.891.009-6.833-2.717-2.547-2.361-3.22-4.326-3.061-5.885.09-.886.832-1.683 1.458-2.209a.84.84 0 0 1 .727-.176.84.84 0 0 1 .579.474l.942 2.118c.061.137.083.288.065.436s-.076.289-.168.407l-.478.615a.8.8 0 0 0-.17.439.81.81 0 0 0 .105.459c.57.986 2.8 2.954 3.86 3.38a.82.82 0 0 0 .888-.186l.548-.555a.84.84 0 0 1 .828-.216z\" fill=\"currentColor\"><\/path><\/svg><br \/>\n<\/a><a class=\"share-buttons__link share-buttons__link--gray\" href=\"http:\/\/www.facebook.com\/sharer.php?u=https:\/\/brasil61.com\/n\/plataforma-recircula-brasil-permite-rastrear-reutilizacao-de-plastico-pivd240043\n<\/p>\n<input type=\"hidden\" id=\"baseurl\" value=\"https:\/\/noticiasdestaque.com.br\"><input type=\"hidden\" id=\"audio_nonce\" value=\"c9f06e19e6\">","protected":false},"excerpt":{"rendered":"<p>Iniciativa tem como objetivo contribuir para aumentar os \u00edndices de reciclagem do pl\u00e1stico no Brasil. Apenas 25,6% das embalagens pl\u00e1sticas s\u00e3o recicladas atualmente no Brasil, segundo a Associa\u00e7\u00e3o Brasileira da Ind\u00fastria do Pl\u00e1stico (Abiplast)<\/p>\n","protected":false},"author":1,"featured_media":12775,"comment_status":"open","ping_status":"open","sticky":false,"template":"","format":"standard","meta":{"fifu_image_url":"","fifu_image_alt":"","footnotes":""},"categories":[1],"tags":[106],"class_list":["post-12773","post","type-post","status-publish","format-standard","has-post-thumbnail","hentry","category-uncategorized","tag-brunna-pareja"],"distributor_meta":false,"distributor_terms":false,"distributor_media":false,"distributor_original_site_name":"Noticias em Destaque","distributor_original_site_url":"https:\/\/noticiasdestaque.com.br","push-errors":false,"_links":{"self":[{"href":"https:\/\/noticiasdestaque.com.br\/index.php\/wp-json\/wp\/v2\/posts\/12773","targetHints":{"allow":["GET"]}}],"collection":[{"href":"https:\/\/noticiasdestaque.com.br\/index.php\/wp-json\/wp\/v2\/posts"}],"about":[{"href":"https:\/\/noticiasdestaque.com.br\/index.php\/wp-json\/wp\/v2\/types\/post"}],"author":[{"embeddable":true,"href":"https:\/\/noticiasdestaque.com.br\/index.php\/wp-json\/wp\/v2\/users\/1"}],"replies":[{"embeddable":true,"href":"https:\/\/noticiasdestaque.com.br\/index.php\/wp-json\/wp\/v2\/comments?post=12773"}],"version-history":[{"count":1,"href":"https:\/\/noticiasdestaque.com.br\/index.php\/wp-json\/wp\/v2\/posts\/12773\/revisions"}],"predecessor-version":[{"id":12774,"href":"https:\/\/noticiasdestaque.com.br\/index.php\/wp-json\/wp\/v2\/posts\/12773\/revisions\/12774"}],"wp:featuredmedia":[{"embeddable":true,"href":"https:\/\/noticiasdestaque.com.br\/index.php\/wp-json\/wp\/v2\/media\/12775"}],"wp:attachment":[{"href":"https:\/\/noticiasdestaque.com.br\/index.php\/wp-json\/wp\/v2\/media?parent=12773"}],"wp:term":[{"taxonomy":"category","embeddable":true,"href":"https:\/\/noticiasdestaque.com.br\/index.php\/wp-json\/wp\/v2\/categories?post=12773"},{"taxonomy":"post_tag","embeddable":true,"href":"https:\/\/noticiasdestaque.com.br\/index.php\/wp-json\/wp\/v2\/tags?post=12773"}],"curies":[{"name":"wp","href":"https:\/\/api.w.org\/{rel}","templated":true}]}}