{"id":12767,"date":"2024-02-14T04:22:00","date_gmt":"2024-02-14T04:22:00","guid":{"rendered":"https:\/\/noticiasdestaque.com.br\/index.php\/2024\/02\/14\/excessos-do-carnaval-quando-a-dor-de-garganta-ou-mal-estar-nao-tem-a-ver-so-com-a-folia\/"},"modified":"2024-02-14T04:22:00","modified_gmt":"2024-02-14T04:22:00","slug":"excessos-do-carnaval-quando-a-dor-de-garganta-ou-mal-estar-nao-tem-a-ver-so-com-a-folia","status":"publish","type":"post","link":"https:\/\/noticiasdestaque.com.br\/index.php\/2024\/02\/14\/excessos-do-carnaval-quando-a-dor-de-garganta-ou-mal-estar-nao-tem-a-ver-so-com-a-folia\/","title":{"rendered":"Excessos do carnaval: quando a dor de garganta ou mal-estar n\u00e3o t\u00eam a ver s\u00f3 com a folia"},"content":{"rendered":"<p>Aproveitou muito o carnaval e agora est\u00e1 sentindo dor na garganta, mal-estar ou dor de cabe\u00e7a? Cuidado: pode ser que esses sintomas indiquem algo al\u00e9m de ter gritado muito ou cansa\u00e7o p\u00f3s-folia. <\/p>\n<p>As doen\u00e7as infecciosas respirat\u00f3rias s\u00e3o bastante comuns nesse per\u00edodo, j\u00e1 que no carnaval o cont\u00e1gio \u00e9 mais f\u00e1cil devido \u00e0s aglomera\u00e7\u00f5es. \u00c9 o que alerta a Associa\u00e7\u00e3o Brasileira de Otorrinolaringologia e Cirurgia C\u00e9rvico-Facial (ABORL-CCF).<\/p>\n<p>A otorrinolaringologista Larissa Vilela Pereira, especialista da ABORL-CCF, explica que os principais sintomas dessas s\u00e3o dores de garganta, nariz entupido, espirros coceira no nariz, coriza, tosse, febre, dor de cabe\u00e7a, dor no corpo e, em casos mais graves, at\u00e9 dificuldade para respirar ou dor no peito. <\/p>\n<p>\u201cSe o paciente estiver sentindo esses sintomas o ideal \u00e9 que procure uma avalia\u00e7\u00e3o m\u00e9dica para um diagn\u00f3stico correto e para iniciar o tratamento adequado para, assim, ter uma recupera\u00e7\u00e3o melhor e mais r\u00e1pida\u201d, orienta.<\/p>\n<p>A m\u00e9dica tamb\u00e9m explica que falta de hidrata\u00e7\u00e3o adequada, m\u00e1 alimenta\u00e7\u00e3o, dormir pouco e consumir bebidas alco\u00f3licas s\u00e3o fatores que reduzem a imunidade, o que aumenta a chance de pegar essas doen\u00e7as. <\/p>\n<p>\u201cOutro ponto super importante de se falar \u00e9 que, caso voc\u00ea esteja com esse sintomas, evite voltar ao seu trabalho, voltar \u00e0 escola no caso das crian\u00e7as, antes de ter um diagn\u00f3stico adequado para evitar a transmiss\u00e3o para outras pessoas\u201d, explica a otorrinolaringologista Larissa Vilela Pereira.<\/p>\n<p>Saiba quais s\u00e3o as doen\u00e7as mais comuns que circulam nesse per\u00edodo, segundo a ABORL-CCF:<\/p>\n<p><strong>Covid-19<\/strong>: Os principais sintomas s\u00e3o febre, tosse seca, cansa\u00e7o e perda de paladar ou olfato. Os sintomas mais graves envolvem a dificuldade de respirar ou falta de ar, dor ou press\u00e3o no peito. <\/p>\n<p><strong>Resfriado:<\/strong> \u00c9 causado por v\u00edrus e apresenta sintomas como nariz entupido, coceira no nariz, espirros e mal-estar.     <\/p>\n<p><strong>Gripe: <\/strong>Provocada pelo v\u00edrus influenza, tem os mesmos sintomas do resfriado, al\u00e9m de febre alta e dores pelo corpo. Pode acompanhar dor de garganta, tosse e falta de ar.<br \/>\nAmigdalite\/faringite: Podem ser causadas por v\u00edrus ou bact\u00e9rias. Os principais sintomas s\u00e3o: dor de garganta mais de dois dias, dificuldade para engolir, garganta vermelha e inchada ou com pus, febre, dor de cabe\u00e7a ou no pesco\u00e7o e \u00ednguas na regi\u00e3o do pesco\u00e7o ou mand\u00edbula.<\/p>\n<p><strong>Mononucleose:<\/strong> Apesar de n\u00e3o ser uma doen\u00e7a respirat\u00f3ria, essa enfermidade \u00e9 provocada pelo v\u00edrus Epstein-Barr (VEB), da fam\u00edlia Herpes, e pode ser confundida com amigdalite devido \u00e0 semelhan\u00e7a dos sintomas. Os principais s\u00e3o fadiga, dores no corpo, febre, aumento dos g\u00e2nglios na regi\u00e3o do pesco\u00e7o, placas esbranqui\u00e7adas  nas am\u00edgdalas, indisposi\u00e7\u00e3o e dificuldade para engolir.\n <\/p>\n<div class=\"share-buttons11 share-buttons11--gray\" style=\"text-align: center;text-align: center;position: absolute;top: 0;left: 72px;\">\n<div class=\"share-buttons__container11 share-buttons__container11--gray\" style=\"display: flex; flex-direction: column; align-items: center; gap: 10px;\"><a class=\"share-buttons__link share-buttons__link--gray\" data-action=\"share\/whatsapp\/share\" href=\"whatsapp:\/\/send?text= https:\/\/brasil61.com\/n\/excessos-do-carnaval-quando-a-dor-de-garganta-ou-mal-estar-nao-tem-a-ver-so-com-a-folia-bras2410944\" style=\"background-color: #25D366; border-radius: 50%; width: 50px; height: 50px; display: flex; align-items: center; justify-content: center;\"><svg xmlns=\"http:\/\/www.w3.org\/2000\/svg\" xmlns:v=\"https:\/\/vecta.io\/nano\" fill=\"currentColor\" style=\"width: 24px; height: 24px;\"><path fill-rule=\"evenodd\" d=\"M.93 11.809C.911 5.684 5.773.589 11.936.299c6.773-.321 12.343 5.14 12.132 11.844-.196 6.25-5.447 11.215-11.746 11.119a11.58 11.58 0 0 1-4.972-1.198l-5.843 1.374a.45.45 0 0 1-.417-.113.45.45 0 0 1-.129-.413l1.228-5.921A11.37 11.37 0 0 1 .93 11.809zm14.941 1.818l2.241.638v-.001a.83.83 0 0 1 .55.503.83.83 0 0 1 .05.38c-.013.129-.057.253-.127.362-.437.686-1.134 1.525-2.004 1.734-1.533.37-3.891.009-6.833-2.717-2.547-2.361-3.22-4.326-3.061-5.885.09-.886.832-1.683 1.458-2.209a.84.84 0 0 1 .727-.176.84.84 0 0 1 .579.474l.942 2.118c.061.137.083.288.065.436s-.076.289-.168.407l-.478.615a.8.8 0 0 0-.17.439.81.81 0 0 0 .105.459c.57.986 2.8 2.954 3.86 3.38a.82.82 0 0 0 .888-.186l.548-.555a.84.84 0 0 1 .828-.216z\" fill=\"currentColor\"><\/path><\/svg><br \/>\n<\/a><a class=\"share-buttons__link share-buttons__link--gray\" href=\"http:\/\/www.facebook.com\/sharer.php?u=https:\/\/brasil61.com\/n\/excessos-do-carnaval-quando-a-dor-de-garganta-ou-mal-estar-nao-tem-a-ver-so-com-a-folia-bras2410944\n<\/p>\n<input type=\"hidden\" id=\"baseurl\" value=\"https:\/\/noticiasdestaque.com.br\"><input type=\"hidden\" id=\"audio_nonce\" value=\"34245022d4\">","protected":false},"excerpt":{"rendered":"<p>Associa\u00e7\u00e3o Brasileira de Otorrinolaringologia e Cirurgia C\u00e9rvico-Facial (ABORL-CCF) orienta n\u00e3o voltar ao trabalho ou escola com sintomas de doen\u00e7as infecciosas respirat\u00f3rias<\/p>\n","protected":false},"author":1,"featured_media":12769,"comment_status":"open","ping_status":"open","sticky":false,"template":"","format":"standard","meta":{"fifu_image_url":"","fifu_image_alt":"","footnotes":""},"categories":[1],"tags":[],"class_list":["post-12767","post","type-post","status-publish","format-standard","has-post-thumbnail","hentry","category-uncategorized"],"distributor_meta":false,"distributor_terms":false,"distributor_media":false,"distributor_original_site_name":"Noticias em Destaque","distributor_original_site_url":"https:\/\/noticiasdestaque.com.br","push-errors":false,"_links":{"self":[{"href":"https:\/\/noticiasdestaque.com.br\/index.php\/wp-json\/wp\/v2\/posts\/12767","targetHints":{"allow":["GET"]}}],"collection":[{"href":"https:\/\/noticiasdestaque.com.br\/index.php\/wp-json\/wp\/v2\/posts"}],"about":[{"href":"https:\/\/noticiasdestaque.com.br\/index.php\/wp-json\/wp\/v2\/types\/post"}],"author":[{"embeddable":true,"href":"https:\/\/noticiasdestaque.com.br\/index.php\/wp-json\/wp\/v2\/users\/1"}],"replies":[{"embeddable":true,"href":"https:\/\/noticiasdestaque.com.br\/index.php\/wp-json\/wp\/v2\/comments?post=12767"}],"version-history":[{"count":1,"href":"https:\/\/noticiasdestaque.com.br\/index.php\/wp-json\/wp\/v2\/posts\/12767\/revisions"}],"predecessor-version":[{"id":12768,"href":"https:\/\/noticiasdestaque.com.br\/index.php\/wp-json\/wp\/v2\/posts\/12767\/revisions\/12768"}],"wp:featuredmedia":[{"embeddable":true,"href":"https:\/\/noticiasdestaque.com.br\/index.php\/wp-json\/wp\/v2\/media\/12769"}],"wp:attachment":[{"href":"https:\/\/noticiasdestaque.com.br\/index.php\/wp-json\/wp\/v2\/media?parent=12767"}],"wp:term":[{"taxonomy":"category","embeddable":true,"href":"https:\/\/noticiasdestaque.com.br\/index.php\/wp-json\/wp\/v2\/categories?post=12767"},{"taxonomy":"post_tag","embeddable":true,"href":"https:\/\/noticiasdestaque.com.br\/index.php\/wp-json\/wp\/v2\/tags?post=12767"}],"curies":[{"name":"wp","href":"https:\/\/api.w.org\/{rel}","templated":true}]}}