{"id":12404,"date":"2024-02-01T00:59:00","date_gmt":"2024-02-01T00:59:00","guid":{"rendered":"https:\/\/noticiasdestaque.com.br\/index.php\/2024\/02\/01\/sp-tem-chuva-forte-ventania-queda-de-arvores-e-falta-de-energia\/"},"modified":"2024-02-01T00:59:00","modified_gmt":"2024-02-01T00:59:00","slug":"sp-tem-chuva-forte-ventania-queda-de-arvores-e-falta-de-energia","status":"publish","type":"post","link":"https:\/\/noticiasdestaque.com.br\/index.php\/2024\/02\/01\/sp-tem-chuva-forte-ventania-queda-de-arvores-e-falta-de-energia\/","title":{"rendered":"SP tem chuva forte, ventania, queda de \u00e1rvores e falta de energia"},"content":{"rendered":"<style> bloco.meta {font-style: italic; color: #666;font-weight: 600;font-size: .8em; \/* line-height: .3em; *\/}  text h2 { font-weight: 700 !important;  color: #062f46 !important;} text img { width: none; left: none;}<\/style>\n<\/p>\n<p>A capital paulista registrou, no final da tarde desta quarta-feira (31), chuva forte, ventos de at\u00e9 75 km\/h, falta de energia el\u00e9trica e quedas de \u00e1rvores. De acordo com a Defesa Civil, desde o meio dia de hoje (31), S\u00e3o Paulo recebeu chuvas que somaram 32 mil\u00edmetros \u2013 ou mais de 12,5% da m\u00e9dia esperada para todo o m\u00eas de janeiro. <aimg src=\"https:\/\/aagenciabrasil.ebc.com.br\/ebc.apng?id=1578917 o=node\" style=\"width:1px; height:1px; display:inline;\"><\/aimg><aimg src=\"https:\/\/aagenciabrasil.ebc.com.br\/ebc.agif?id=1578917 o=node\" style=\"width:1px; height:1px; display:inline;\"><\/aimg><\/p>\n<p>Segundo o Centro de Gerenciamento de Emerg\u00eancias (CGE) de S\u00e3o Paulo, houve queda de granizo nos bairros Ipiranga, na zona Sudeste; no Centro; em Capela do Socorro, na zona Sul; e em Carapicu\u00edba, na zona Norte. <\/p>\n<p>Na Regi\u00e3o Metropolitana de S\u00e3o Paulo, as rajadas de vento chegaram a 85 km\/h e, segundo a Defesa Civil, foram registradas 100 chamadas por queda de \u00e1rvores. De acordo com o Corpo de Bombeiros, houve seis chamadas para enchentes.<\/p>\n<p>Parte da regi\u00e3o tamb\u00e9m est\u00e1 com falta de energia el\u00e9trica. De acordo com a concession\u00e1ria Enel, o vento e a chuva provocaram quedas de \u00e1rvores e galhos sobre a rede el\u00e9trica, o que interrompeu o fornecimento de luz. As regi\u00f5es mais afetadas da \u00e1rea de concess\u00e3o da companhia foram a Leste e a Sul.<\/p>\n<p>A concession\u00e1ria orienta aos consumidores, para comunicar falta de luz, priorizar os canais digitais: SMS para o n\u00famero 27373 com a palavra LUZ, seguida pelo n\u00famero da instala\u00e7\u00e3o sem espa\u00e7os; o App Enel S\u00e3o Paulo; ou o WhatsApp Enel: (21) 99601-9608.<\/p>\n<p class=\"alt-font font-italic my-2 small text-info\">\n                                                Edi\u00e7\u00e3o:   Maria Claudia                    <\/p>\n<p>            <!-- blog End --><\/p>\n<p>            <!-- tag and share --><\/p>\n<p> Fonte: EBC <\/p>\n<input type=\"hidden\" id=\"baseurl\" value=\"https:\/\/noticiasdestaque.com.br\"><input type=\"hidden\" id=\"audio_nonce\" value=\"6a24ca502e\">","protected":false},"excerpt":{"rendered":"<p> Rajadas de vento chegaram a 85 km\/h em \u00e1reas da cidade<\/p>\n","protected":false},"author":1,"featured_media":12406,"comment_status":"open","ping_status":"open","sticky":false,"template":"","format":"standard","meta":{"fifu_image_url":"","fifu_image_alt":"","footnotes":""},"categories":[1],"tags":[106],"class_list":["post-12404","post","type-post","status-publish","format-standard","has-post-thumbnail","hentry","category-uncategorized","tag-brunna-pareja"],"distributor_meta":false,"distributor_terms":false,"distributor_media":false,"distributor_original_site_name":"Noticias em Destaque","distributor_original_site_url":"https:\/\/noticiasdestaque.com.br","push-errors":false,"_links":{"self":[{"href":"https:\/\/noticiasdestaque.com.br\/index.php\/wp-json\/wp\/v2\/posts\/12404","targetHints":{"allow":["GET"]}}],"collection":[{"href":"https:\/\/noticiasdestaque.com.br\/index.php\/wp-json\/wp\/v2\/posts"}],"about":[{"href":"https:\/\/noticiasdestaque.com.br\/index.php\/wp-json\/wp\/v2\/types\/post"}],"author":[{"embeddable":true,"href":"https:\/\/noticiasdestaque.com.br\/index.php\/wp-json\/wp\/v2\/users\/1"}],"replies":[{"embeddable":true,"href":"https:\/\/noticiasdestaque.com.br\/index.php\/wp-json\/wp\/v2\/comments?post=12404"}],"version-history":[{"count":1,"href":"https:\/\/noticiasdestaque.com.br\/index.php\/wp-json\/wp\/v2\/posts\/12404\/revisions"}],"predecessor-version":[{"id":12405,"href":"https:\/\/noticiasdestaque.com.br\/index.php\/wp-json\/wp\/v2\/posts\/12404\/revisions\/12405"}],"wp:featuredmedia":[{"embeddable":true,"href":"https:\/\/noticiasdestaque.com.br\/index.php\/wp-json\/wp\/v2\/media\/12406"}],"wp:attachment":[{"href":"https:\/\/noticiasdestaque.com.br\/index.php\/wp-json\/wp\/v2\/media?parent=12404"}],"wp:term":[{"taxonomy":"category","embeddable":true,"href":"https:\/\/noticiasdestaque.com.br\/index.php\/wp-json\/wp\/v2\/categories?post=12404"},{"taxonomy":"post_tag","embeddable":true,"href":"https:\/\/noticiasdestaque.com.br\/index.php\/wp-json\/wp\/v2\/tags?post=12404"}],"curies":[{"name":"wp","href":"https:\/\/api.w.org\/{rel}","templated":true}]}}