{"id":12338,"date":"2024-01-31T23:26:00","date_gmt":"2024-01-31T23:26:00","guid":{"rendered":"https:\/\/noticiasdestaque.com.br\/index.php\/2024\/01\/31\/apesar-de-recorde-nas-exportacoes-receita-do-setor-de-maquinas-e-equipamentos-cai-em\/"},"modified":"2024-01-31T23:26:00","modified_gmt":"2024-01-31T23:26:00","slug":"apesar-de-recorde-nas-exportacoes-receita-do-setor-de-maquinas-e-equipamentos-cai-em","status":"publish","type":"post","link":"https:\/\/noticiasdestaque.com.br\/index.php\/2024\/01\/31\/apesar-de-recorde-nas-exportacoes-receita-do-setor-de-maquinas-e-equipamentos-cai-em\/","title":{"rendered":"Apesar de recorde nas exporta\u00e7\u00f5es, receita do setor de m\u00e1quinas e equipamentos cai 11%, em 2023"},"content":{"rendered":"<p>Apesar do faturamento recorde com as exporta\u00e7\u00f5es, a ind\u00fastria de m\u00e1quinas e equipamentos viu sua receita cair 11% em 2023. As vendas do setor totalizaram quase R$ 296 bilh\u00f5es no ano passado, contra cerca de R$ 310 bilh\u00f5es em 2022.   A Associa\u00e7\u00e3o Brasileira da Ind\u00fastria de M\u00e1quinas e Equipamentos (Abimaq) divulgou os dados em entrevista coletiva, nesta quarta-feira (31).  <\/p>\n<p>Trata-se do segundo ano consecutivo de queda na receita total da ind\u00fastria de m\u00e1quinas e equipamentos. O \u00faltimo ano de crescimento foi 2021. Cristina Zanella, diretora de competitividade, economia e estat\u00edstica da Abimaq, explica que o resultado negativo do setor em 2023 se deve, sobretudo, \u00e0 retra\u00e7\u00e3o do mercado interno, cuja receita diminuiu 15,4%. <\/p>\n<p>&#8220;Os dados de 2023 vieram na dire\u00e7\u00e3o que v\u00ednhamos comentando: uma queda importante  \u2014 a segunda consecutiva da ind\u00fastria de m\u00e1quinas e equipamentos. O desempenho veio pior do que a expectativa. A gente falava em uma queda de 9,8%. A gente fechou com 11% de queda. O mercado dom\u00e9stico foi o causador desse desempenho&#8221;, afirma. <\/p>\n<p>Zanella diz que alguns fatores contribu\u00edram para a timidez do mercado nacional. Segundo ela, o patamar da taxa b\u00e1sica de juros intimidou novos investimentos, fator que se somou \u00e0 menor demanda de m\u00e1quinas e equipamentos por outros setores da ind\u00fastria de transforma\u00e7\u00e3o \u2014 como o t\u00eaxtil e o metal\u00fargico, movimento que tamb\u00e9m se observou no setor agr\u00edcola. <\/p>\n<\/p>\n<h2>Exporta\u00e7\u00f5es surpreendem<\/h2>\n<p>As vendas de m\u00e1quinas e equipamentos para outros pa\u00edses cresceram 14,6% no ano passado, totalizando mais de 13,9 bilh\u00f5es de d\u00f3lares, segundo a Abimaq. O desempenho das exporta\u00e7\u00f5es superou o observado em 2012. \u00c9 agora o melhor resultado da s\u00e9rie hist\u00f3rica. <\/p>\n<p>Segundo Zanella, o dado foi surpreendente. &#8220;As exporta\u00e7\u00f5es surpreenderam. Vieram de forma bastante positiva. \u00c9 a grande not\u00edcia do setor. A gente conseguiu exportar bastante mesmo em um cen\u00e1rio internacional de relativa desacelera\u00e7\u00e3o.&#8221;<\/p>\n<p>As importa\u00e7\u00f5es do setor, por sua vez, cresceram 7,6%, na compara\u00e7\u00e3o com o ano de 2022, totalizando 26,7 bilh\u00f5es. Com isso, houve saldo negativo entre exporta\u00e7\u00f5es e importa\u00e7\u00f5es de m\u00e1quinas e equipamentos da ordem de 12,8 bilh\u00f5es de d\u00f3lares. <\/p>\n<h2>Empregos e investimentos caem<\/h2>\n<p>A queda da receita total foi acompanhada de perda de postos de trabalho na ind\u00fastria de m\u00e1quinas e equipamentos. O quadro de pessoal do setor encerrou o ano com 395 mil funcion\u00e1rios, cerca de cinco mil a menos do que o observado em dezembro de 2022. <\/p>\n<p>J\u00e1 os investimentos realizados pelas empresas do setor ficaram abaixo das expectativas. Dos R$ 12,1 bilh\u00f5es projetados para o ano passado, cerca de R$ 11 bilh\u00f5es se concretizaram\u2014  o equivalente a 90,6%. <\/p>\n<h2>Proje\u00e7\u00e3o para 2024<\/h2>\n<p>Segundo a Abimaq, a receita total em 2024 deve crescer 3,5%. J\u00e1 os investimentos previstos, de R$ 10,5 bilh\u00f5es, ficar\u00e3o abaixo do montante que as empresas do setor aportaram no ano passado. <\/p>\n<p>Quanto aos empregos, espera-se que, apesar dos potenciais efeitos negativos da medida provis\u00f3ria que reonera a folha de pagamento do setor, o desempenho favor\u00e1vel das empresas leve a um saldo positivo. \n <\/p>\n<div class=\"share-buttons11 share-buttons11--gray\" style=\"text-align: center;text-align: center;position: absolute;top: 0;left: 72px;\">\n<div class=\"share-buttons__container11 share-buttons__container11--gray\" style=\"display: flex; flex-direction: column; align-items: center; gap: 10px;\"><a class=\"share-buttons__link share-buttons__link--gray\" data-action=\"share\/whatsapp\/share\" href=\"whatsapp:\/\/send?text= https:\/\/brasil61.com\/n\/apesar-de-recorde-nas-exportacoes-receita-do-setor-de-maquinas-e-equipamentos-cai-11-em-2023-bras2410826\" style=\"background-color: #25D366; border-radius: 50%; width: 50px; height: 50px; display: flex; align-items: center; justify-content: center;\"><svg xmlns=\"http:\/\/www.w3.org\/2000\/svg\" xmlns:v=\"https:\/\/vecta.io\/nano\" fill=\"currentColor\" style=\"width: 24px; height: 24px;\"><path fill-rule=\"evenodd\" d=\"M.93 11.809C.911 5.684 5.773.589 11.936.299c6.773-.321 12.343 5.14 12.132 11.844-.196 6.25-5.447 11.215-11.746 11.119a11.58 11.58 0 0 1-4.972-1.198l-5.843 1.374a.45.45 0 0 1-.417-.113.45.45 0 0 1-.129-.413l1.228-5.921A11.37 11.37 0 0 1 .93 11.809zm14.941 1.818l2.241.638v-.001a.83.83 0 0 1 .55.503.83.83 0 0 1 .05.38c-.013.129-.057.253-.127.362-.437.686-1.134 1.525-2.004 1.734-1.533.37-3.891.009-6.833-2.717-2.547-2.361-3.22-4.326-3.061-5.885.09-.886.832-1.683 1.458-2.209a.84.84 0 0 1 .727-.176.84.84 0 0 1 .579.474l.942 2.118c.061.137.083.288.065.436s-.076.289-.168.407l-.478.615a.8.8 0 0 0-.17.439.81.81 0 0 0 .105.459c.57.986 2.8 2.954 3.86 3.38a.82.82 0 0 0 .888-.186l.548-.555a.84.84 0 0 1 .828-.216z\" fill=\"currentColor\"><\/path><\/svg><br \/>\n<\/a><a class=\"share-buttons__link share-buttons__link--gray\" href=\"http:\/\/www.facebook.com\/sharer.php?u=https:\/\/brasil61.com\/n\/apesar-de-recorde-nas-exportacoes-receita-do-setor-de-maquinas-e-equipamentos-cai-11-em-2023-bras2410826\n<\/p>\n<input type=\"hidden\" id=\"baseurl\" value=\"https:\/\/noticiasdestaque.com.br\"><input type=\"hidden\" id=\"audio_nonce\" value=\"6a24ca502e\">","protected":false},"excerpt":{"rendered":"<p>Setor registra queda pelo segundo ano consecutivo. Mercado dom\u00e9stico retra\u00eddo explica desempenho negativo, segundo Abimaq<\/p>\n","protected":false},"author":1,"featured_media":12340,"comment_status":"open","ping_status":"open","sticky":false,"template":"","format":"standard","meta":{"fifu_image_url":"","fifu_image_alt":"","footnotes":""},"categories":[1],"tags":[107],"class_list":["post-12338","post","type-post","status-publish","format-standard","has-post-thumbnail","hentry","category-uncategorized","tag-closer-vendedor-milionario"],"distributor_meta":false,"distributor_terms":false,"distributor_media":false,"distributor_original_site_name":"Noticias em Destaque","distributor_original_site_url":"https:\/\/noticiasdestaque.com.br","push-errors":false,"_links":{"self":[{"href":"https:\/\/noticiasdestaque.com.br\/index.php\/wp-json\/wp\/v2\/posts\/12338","targetHints":{"allow":["GET"]}}],"collection":[{"href":"https:\/\/noticiasdestaque.com.br\/index.php\/wp-json\/wp\/v2\/posts"}],"about":[{"href":"https:\/\/noticiasdestaque.com.br\/index.php\/wp-json\/wp\/v2\/types\/post"}],"author":[{"embeddable":true,"href":"https:\/\/noticiasdestaque.com.br\/index.php\/wp-json\/wp\/v2\/users\/1"}],"replies":[{"embeddable":true,"href":"https:\/\/noticiasdestaque.com.br\/index.php\/wp-json\/wp\/v2\/comments?post=12338"}],"version-history":[{"count":1,"href":"https:\/\/noticiasdestaque.com.br\/index.php\/wp-json\/wp\/v2\/posts\/12338\/revisions"}],"predecessor-version":[{"id":12339,"href":"https:\/\/noticiasdestaque.com.br\/index.php\/wp-json\/wp\/v2\/posts\/12338\/revisions\/12339"}],"wp:featuredmedia":[{"embeddable":true,"href":"https:\/\/noticiasdestaque.com.br\/index.php\/wp-json\/wp\/v2\/media\/12340"}],"wp:attachment":[{"href":"https:\/\/noticiasdestaque.com.br\/index.php\/wp-json\/wp\/v2\/media?parent=12338"}],"wp:term":[{"taxonomy":"category","embeddable":true,"href":"https:\/\/noticiasdestaque.com.br\/index.php\/wp-json\/wp\/v2\/categories?post=12338"},{"taxonomy":"post_tag","embeddable":true,"href":"https:\/\/noticiasdestaque.com.br\/index.php\/wp-json\/wp\/v2\/tags?post=12338"}],"curies":[{"name":"wp","href":"https:\/\/api.w.org\/{rel}","templated":true}]}}