{"id":12326,"date":"2024-01-29T01:39:00","date_gmt":"2024-01-29T01:39:00","guid":{"rendered":"https:\/\/noticiasdestaque.com.br\/index.php\/2024\/01\/29\/mais-da-metade-das-pessoas-atingidas-por-hanseniase-no-brasil-tem-entre-e-anos\/"},"modified":"2024-01-29T01:39:00","modified_gmt":"2024-01-29T01:39:00","slug":"mais-da-metade-das-pessoas-atingidas-por-hanseniase-no-brasil-tem-entre-e-anos","status":"publish","type":"post","link":"https:\/\/noticiasdestaque.com.br\/index.php\/2024\/01\/29\/mais-da-metade-das-pessoas-atingidas-por-hanseniase-no-brasil-tem-entre-e-anos\/","title":{"rendered":"Mais da metade das pessoas atingidas por hansen\u00edase no Brasil tem entre 30 e 59 anos"},"content":{"rendered":"<p>Entre 2013 e 2022, 316.182 pessoas tinham o diagn\u00f3stico de hansen\u00edase no Brasil. Destes, 254.918 foram casos novos da doen\u00e7a, de acordo dados do Minist\u00e9rio da Sa\u00fade divulgados nesta semana. Quase 53,9% (137.379) dos diagnosticadas tinham entre 30 e 59 anos; 24,6% (62.693), 60 anos ou mais; 15,3% (38.899), entre 15 e 29 anos, e 6,3% (15.947) eram menores de 15 anos. <\/p>\n<p>Nesses 10 anos, houve um aumento de 30% de casos em idosos (acima de 60 anos) e uma redu\u00e7\u00e3o de 44% nos casos novos de hansen\u00edase nas crian\u00e7as e adolescentes menores de 15 anos. <\/p>\n<p>A hansen\u00edase \u00e9 uma doen\u00e7a causada por uma bact\u00e9ria e transmitida por vias a\u00e9reas. O desenvolvimento no organismo vai depender da imunidade de cada pessoa. O diagn\u00f3stico \u00e9 dado, normalmente, por um infectologista ou dermatologista. <\/p>\n<p>O presidente da Sociedade Brasileira de Hansenologia, o dermatologista e hansenologista Marco Frade, explica quais s\u00e3o os maiores riscos da doen\u00e7a.<\/p>\n<p>\u201cQuando n\u00e3o tratada, os sintomas podem piorar e causar incapacidade f\u00edsica, porque a doen\u00e7a tamb\u00e9m pode atingir os nervos motores. Dificuldades de segurar coisas, talheres e at\u00e9 para abrir e fechar os olhos. Temos que investir em informa\u00e7\u00e3o e treinamento dos profissionais de sa\u00fade para identificar a hansen\u00edase de forma breve\u201d, observa.<\/p>\n<p>Um dos sintomas mais marcantes da doen\u00e7a s\u00e3o as manchas na pele, mas o m\u00e9dico ressalta que \u00e9 poss\u00edvel a vida inteira sem apresentar essas manchas, e esse \u00e9 o grande desafio do diagn\u00f3stico.<\/p>\n<p>\u201cA doen\u00e7a tem uma dificuldade de fazer o diagn\u00f3stico muitas vezes por falta de informa\u00e7\u00e3o. As propagandas focam muito nas manchas de pele e, na verdade, embaixo da pele, nos nervos perif\u00e9ricos, a doen\u00e7a pode estar acontecendo h\u00e1 muitos anos. Tem casos de at\u00e9 30 anos\u201d, ressalta. <\/p>\n<p>Foi o que aconteceu com a ativista Francilene Mesquita, que aos 29 anos descobriu que tinha hansen\u00edase ap\u00f3s passar por v\u00e1rios m\u00e9dicos. Ela sentia dorm\u00eancia nos nervos dos bra\u00e7os e pernas, dificuldade para trabalhar, mas n\u00e3o via manchas. <\/p>\n<p>\u201cEssa busca por um diagn\u00f3stico come\u00e7ou porque eu comecei a derrubar as coisas na casa da minha patroa, eu trabalhava de diarista. Nem eu sabia o que era e nem sequer o m\u00e9dico da UBS desconfiava. At\u00e9 que em 2006 um m\u00e9dico reumatologista me avaliou de uma forma diferente, apalpou meus nervos que ficam na regi\u00e3o dos bra\u00e7os e pernas, e me encaminhou para um dermatologista\u201d, conta. <\/p>\n<p>Inicialmente, Francilene questionou porque precisava ir a um dermatologista se estava com dores, e naquele momento tamb\u00e9m j\u00e1 come\u00e7aram a surgir caro\u00e7os pelo corpo, mesmo assim ela conta que n\u00e3o imaginava o que poderia ser. <\/p>\n<p>Ap\u00f3s realizar o tratamento por um ano, a filha adolescente tamb\u00e9m foi diagnosticada. Com isso, no mesmo ano a ativista apresentou novamente os sintomas, com quadro reacional hans\u00eanico \u2014 quando os sintomas retornam. Ent\u00e3o, passou a ter novamente caro\u00e7os na pele, febre e mal estar. Ela precisou seguir com um outro tratamento por sete anos para acabar com os sintomas. <\/p>\n<h2>Regi\u00f5es<\/h2>\n<p>Em 2022, a taxa de detec\u00e7\u00e3o do Brasil foi de 9,67 casos novos por 100 mil habitantes, mas o levantamento tamb\u00e9m traz os n\u00fameros em rela\u00e7\u00e3o \u00e0s regi\u00f5es do pa\u00eds. O Centro-Oeste lidera o ranking com uma taxa que variou de \u201cmuito alto\u201d a \u201chiperend\u00eamico\u201d. J\u00e1 a maior redu\u00e7\u00e3o ocorreu na regi\u00e3o Norte, que saiu de 35,89 casos novos por 100 mil habitantes em 2013 para 18,53 em 2022 \u2014 uma redu\u00e7\u00e3o de 48,4%.<\/p>\n<p>Mato Grosso e Tocantins foram os estados que apresentaram as maiores taxas de detec\u00e7\u00e3o: 66,20 e 50,88, respectivamente, enquanto o Rio Grande do Sul apresentou baixa endemicidade, com taxa de 0,81 casos novos por 100 mil habitantes. <\/p>\n<p>Neste ano, ser\u00e3o investidos cerca de R$ 55 milh\u00f5es para a preven\u00e7\u00e3o e o tratamento da hansen\u00edase no Brasil. A maior parte dos recursos, R$ 50 milh\u00f5es, ser\u00e1 repassada diretamente para 955 munic\u00edpios \u2014 classificados como de alta endemia, com mais de 10 casos por 100 mil habitantes. <\/p>\n<p>A medida faz parte da estrat\u00e9gia do Comit\u00ea Interministerial para Elimina\u00e7\u00e3o da Tuberculose e de Outras Doen\u00e7as Determinadas Socialmente (Ciedds), do Minist\u00e9rio da Sa\u00fade. <\/p>\n<div class=\"share-buttons11 share-buttons11--gray\" style=\"text-align: center;text-align: center;position: absolute;top: 0;left: 72px;\">\n<div class=\"share-buttons__container11 share-buttons__container11--gray\" style=\"display: flex; flex-direction: column; align-items: center; gap: 10px;\"><a class=\"share-buttons__link share-buttons__link--gray\" data-action=\"share\/whatsapp\/share\" href=\"whatsapp:\/\/send?text= https:\/\/brasil61.com\/n\/mais-da-metade-das-pessoas-atingidas-por-hanseniase-no-brasil-tem-entre-30-e-59-anos-bras2410772\" style=\"background-color: #25D366; border-radius: 50%; width: 50px; height: 50px; display: flex; align-items: center; justify-content: center;\"><svg xmlns=\"http:\/\/www.w3.org\/2000\/svg\" xmlns:v=\"https:\/\/vecta.io\/nano\" fill=\"currentColor\" style=\"width: 24px; height: 24px;\"><path fill-rule=\"evenodd\" d=\"M.93 11.809C.911 5.684 5.773.589 11.936.299c6.773-.321 12.343 5.14 12.132 11.844-.196 6.25-5.447 11.215-11.746 11.119a11.58 11.58 0 0 1-4.972-1.198l-5.843 1.374a.45.45 0 0 1-.417-.113.45.45 0 0 1-.129-.413l1.228-5.921A11.37 11.37 0 0 1 .93 11.809zm14.941 1.818l2.241.638v-.001a.83.83 0 0 1 .55.503.83.83 0 0 1 .05.38c-.013.129-.057.253-.127.362-.437.686-1.134 1.525-2.004 1.734-1.533.37-3.891.009-6.833-2.717-2.547-2.361-3.22-4.326-3.061-5.885.09-.886.832-1.683 1.458-2.209a.84.84 0 0 1 .727-.176.84.84 0 0 1 .579.474l.942 2.118c.061.137.083.288.065.436s-.076.289-.168.407l-.478.615a.8.8 0 0 0-.17.439.81.81 0 0 0 .105.459c.57.986 2.8 2.954 3.86 3.38a.82.82 0 0 0 .888-.186l.548-.555a.84.84 0 0 1 .828-.216z\" fill=\"currentColor\"><\/path><\/svg><br \/>\n<\/a><a class=\"share-buttons__link share-buttons__link--gray\" href=\"http:\/\/www.facebook.com\/sharer.php?u=https:\/\/brasil61.com\/n\/mais-da-metade-das-pessoas-atingidas-por-hanseniase-no-brasil-tem-entre-30-e-59-anos-bras2410772\n<\/p>\n<input type=\"hidden\" id=\"baseurl\" value=\"https:\/\/noticiasdestaque.com.br\"><input type=\"hidden\" id=\"audio_nonce\" value=\"6a24ca502e\">","protected":false},"excerpt":{"rendered":"<p>O levantamento, divulgado nesta semana, foi feito pelo Minist\u00e9rio da Sa\u00fade entre 2013 e 2022<\/p>\n","protected":false},"author":1,"featured_media":12328,"comment_status":"open","ping_status":"open","sticky":false,"template":"","format":"standard","meta":{"fifu_image_url":"","fifu_image_alt":"","footnotes":""},"categories":[1],"tags":[112],"class_list":["post-12326","post","type-post","status-publish","format-standard","has-post-thumbnail","hentry","category-uncategorized","tag-energreener"],"distributor_meta":false,"distributor_terms":false,"distributor_media":false,"distributor_original_site_name":"Noticias em Destaque","distributor_original_site_url":"https:\/\/noticiasdestaque.com.br","push-errors":false,"_links":{"self":[{"href":"https:\/\/noticiasdestaque.com.br\/index.php\/wp-json\/wp\/v2\/posts\/12326","targetHints":{"allow":["GET"]}}],"collection":[{"href":"https:\/\/noticiasdestaque.com.br\/index.php\/wp-json\/wp\/v2\/posts"}],"about":[{"href":"https:\/\/noticiasdestaque.com.br\/index.php\/wp-json\/wp\/v2\/types\/post"}],"author":[{"embeddable":true,"href":"https:\/\/noticiasdestaque.com.br\/index.php\/wp-json\/wp\/v2\/users\/1"}],"replies":[{"embeddable":true,"href":"https:\/\/noticiasdestaque.com.br\/index.php\/wp-json\/wp\/v2\/comments?post=12326"}],"version-history":[{"count":1,"href":"https:\/\/noticiasdestaque.com.br\/index.php\/wp-json\/wp\/v2\/posts\/12326\/revisions"}],"predecessor-version":[{"id":12327,"href":"https:\/\/noticiasdestaque.com.br\/index.php\/wp-json\/wp\/v2\/posts\/12326\/revisions\/12327"}],"wp:featuredmedia":[{"embeddable":true,"href":"https:\/\/noticiasdestaque.com.br\/index.php\/wp-json\/wp\/v2\/media\/12328"}],"wp:attachment":[{"href":"https:\/\/noticiasdestaque.com.br\/index.php\/wp-json\/wp\/v2\/media?parent=12326"}],"wp:term":[{"taxonomy":"category","embeddable":true,"href":"https:\/\/noticiasdestaque.com.br\/index.php\/wp-json\/wp\/v2\/categories?post=12326"},{"taxonomy":"post_tag","embeddable":true,"href":"https:\/\/noticiasdestaque.com.br\/index.php\/wp-json\/wp\/v2\/tags?post=12326"}],"curies":[{"name":"wp","href":"https:\/\/api.w.org\/{rel}","templated":true}]}}