{"id":12323,"date":"2024-01-29T01:09:00","date_gmt":"2024-01-29T01:09:00","guid":{"rendered":"https:\/\/noticiasdestaque.com.br\/index.php\/2024\/01\/29\/campanha-convoca-trabalhadores-da-saude-para-reforco-da-vacina-bivalente-contra-covid-em-mato-grosso-do-sul\/"},"modified":"2024-01-29T01:09:00","modified_gmt":"2024-01-29T01:09:00","slug":"campanha-convoca-trabalhadores-da-saude-para-reforco-da-vacina-bivalente-contra-covid-em-mato-grosso-do-sul","status":"publish","type":"post","link":"https:\/\/noticiasdestaque.com.br\/index.php\/2024\/01\/29\/campanha-convoca-trabalhadores-da-saude-para-reforco-da-vacina-bivalente-contra-covid-em-mato-grosso-do-sul\/","title":{"rendered":"Campanha convoca trabalhadores da sa\u00fade para refor\u00e7o da vacina bivalente contra Covid em Mato Grosso do Sul"},"content":{"rendered":"<p>Com a mensagem \u201cSa\u00fade Vacina Mais \u2013 cuidar de quem cuida\u201d, a Secret\u00e1ria de Sa\u00fade do Mato Grosso do Sul, lan\u00e7ou uma campanha para convocar trabalhadores de sa\u00fade do estado para se vacinarem.  A a\u00e7\u00e3o tem como prioridade a vacina\u00e7\u00e3o contra Covid-19 \u2013 para recebimento da dose anual de refor\u00e7o com a vacina Bivalente. <\/p>\n<p>De modo adicional, ser\u00e3o disponibilizadas tamb\u00e9m as vacinas recomendadas para esse p\u00fablico no calend\u00e1rio do Minist\u00e9rio da Sa\u00fade, como explica a coordenadora de Imuniza\u00e7\u00e3o da SES- MS, Ana Paula Goldfinger.<\/p>\n<p>\u201cA princ\u00edpio, a oferta ser\u00e1 de vacina\u00e7\u00e3o contra COVID-19 com a vacina bivalente, para aqueles trabalhadores que tenham recebido a \u00faltima dose h\u00e1 pelo menos 6 meses. Mas tamb\u00e9m \u00e9 sugestionado aos munic\u00edpios que ofertem n\u00e3o somente a vacina\u00e7\u00e3o contra a COVID, mas tamb\u00e9m a hepatite B, dTPa (Difteria, T\u00e9tano e Pertussis tipo adulto), vacina tr\u00edplice viral, que s\u00e3o vacinas de suma importantes que s\u00e3o recomendadas para profissionais da sa\u00fade\u201d, explica.<\/p>\n<p>Para facilitar o acesso \u00e0 vacina\u00e7\u00e3o, principalmente para trabalhadores que atuam em contexto hospitalares, a vacina ser\u00e1 ofertada nas unidades hospitalares dos munic\u00edpios. A campanha segue at\u00e9 31 de janeiro e \u00e9 estendida aos 79 munic\u00edpios do estado.<\/p>\n<p>A coordenadora de imuniza\u00e7\u00e3o da SES-MS destaca ainda que as vacinas v\u00e3o estar dispon\u00edveis nas Unidades B\u00e1sicas de Sa\u00fade para o profissional que n\u00e3o conseguir se imunizar. <\/p>\n<p>\u201cN\u00e3o somente nesses dias essa vacina seria ofertada. O trabalhador da sa\u00fade \u00e9 um p\u00fablico que priorizado pelo Minist\u00e9rio da Sa\u00fade para vacina\u00e7\u00e3o contra a COVID e para as demais vacinas que citei, como hepatite, dTPa, tr\u00edplice viral. Ent\u00e3o, para tanto, se o profissional n\u00e3o receber no hospital, basta ele buscar a unidade de sa\u00fade para receber e atualizar seu esquema vacinal\u201d, diz.<\/p>\n<p>Segundo estimativas da SES-MS, 121.180 trabalhadores da sa\u00fade devem ser contemplados com a campanha.<\/p>\n<h2>Casos de Covid no Mato Grosso do Sul<\/h2>\n<p>Conforme o \u00faltimo boletim epidemiol\u00f3gico divulgado pela Secretaria de Sa\u00fade do estado, somente nesse ano foram registradas 629 casos de Covid no estado \u2014 e 11 mortes pela doen\u00e7a foram confirmadas.  Somente na terceira semana, 213 casos foram registrados. De acordo com a SES-MS, os munic\u00edpios que apresentaram os maiores n\u00fameros de casos no estado foram Navira\u00ed e Campo Grande.<\/p>\n<\/p>\n<div class=\"share-buttons11 share-buttons11--gray\" style=\"text-align: center;text-align: center;position: absolute;top: 0;left: 72px;\">\n<div class=\"share-buttons__container11 share-buttons__container11--gray\" style=\"display: flex; flex-direction: column; align-items: center; gap: 10px;\"><a class=\"share-buttons__link share-buttons__link--gray\" data-action=\"share\/whatsapp\/share\" href=\"whatsapp:\/\/send?text= https:\/\/brasil61.com\/n\/campanha-convoca-trabalhadores-da-saude-para-reforco-da-vacina-bivalente-contra-covid-em-mato-grosso-do-sul-bras2410800\" style=\"background-color: #25D366; border-radius: 50%; width: 50px; height: 50px; display: flex; align-items: center; justify-content: center;\"><svg xmlns=\"http:\/\/www.w3.org\/2000\/svg\" xmlns:v=\"https:\/\/vecta.io\/nano\" fill=\"currentColor\" style=\"width: 24px; height: 24px;\"><path fill-rule=\"evenodd\" d=\"M.93 11.809C.911 5.684 5.773.589 11.936.299c6.773-.321 12.343 5.14 12.132 11.844-.196 6.25-5.447 11.215-11.746 11.119a11.58 11.58 0 0 1-4.972-1.198l-5.843 1.374a.45.45 0 0 1-.417-.113.45.45 0 0 1-.129-.413l1.228-5.921A11.37 11.37 0 0 1 .93 11.809zm14.941 1.818l2.241.638v-.001a.83.83 0 0 1 .55.503.83.83 0 0 1 .05.38c-.013.129-.057.253-.127.362-.437.686-1.134 1.525-2.004 1.734-1.533.37-3.891.009-6.833-2.717-2.547-2.361-3.22-4.326-3.061-5.885.09-.886.832-1.683 1.458-2.209a.84.84 0 0 1 .727-.176.84.84 0 0 1 .579.474l.942 2.118c.061.137.083.288.065.436s-.076.289-.168.407l-.478.615a.8.8 0 0 0-.17.439.81.81 0 0 0 .105.459c.57.986 2.8 2.954 3.86 3.38a.82.82 0 0 0 .888-.186l.548-.555a.84.84 0 0 1 .828-.216z\" fill=\"currentColor\"><\/path><\/svg><br \/>\n<\/a><a class=\"share-buttons__link share-buttons__link--gray\" href=\"http:\/\/www.facebook.com\/sharer.php?u=https:\/\/brasil61.com\/n\/campanha-convoca-trabalhadores-da-saude-para-reforco-da-vacina-bivalente-contra-covid-em-mato-grosso-do-sul-bras2410800\n<\/p>\n<input type=\"hidden\" id=\"baseurl\" value=\"https:\/\/noticiasdestaque.com.br\"><input type=\"hidden\" id=\"audio_nonce\" value=\"6a24ca502e\">","protected":false},"excerpt":{"rendered":"<p>Segundo a Secretaria de Sa\u00fade do MS, a campanha segue at\u00e9 dia 31 de janeiro; estado possui mais de 120 mil profissionais da sa\u00fade <\/p>\n","protected":false},"author":1,"featured_media":12325,"comment_status":"open","ping_status":"open","sticky":false,"template":"","format":"standard","meta":{"fifu_image_url":"","fifu_image_alt":"","footnotes":""},"categories":[1],"tags":[112],"class_list":["post-12323","post","type-post","status-publish","format-standard","has-post-thumbnail","hentry","category-uncategorized","tag-energreener"],"distributor_meta":false,"distributor_terms":false,"distributor_media":false,"distributor_original_site_name":"Noticias em Destaque","distributor_original_site_url":"https:\/\/noticiasdestaque.com.br","push-errors":false,"_links":{"self":[{"href":"https:\/\/noticiasdestaque.com.br\/index.php\/wp-json\/wp\/v2\/posts\/12323","targetHints":{"allow":["GET"]}}],"collection":[{"href":"https:\/\/noticiasdestaque.com.br\/index.php\/wp-json\/wp\/v2\/posts"}],"about":[{"href":"https:\/\/noticiasdestaque.com.br\/index.php\/wp-json\/wp\/v2\/types\/post"}],"author":[{"embeddable":true,"href":"https:\/\/noticiasdestaque.com.br\/index.php\/wp-json\/wp\/v2\/users\/1"}],"replies":[{"embeddable":true,"href":"https:\/\/noticiasdestaque.com.br\/index.php\/wp-json\/wp\/v2\/comments?post=12323"}],"version-history":[{"count":1,"href":"https:\/\/noticiasdestaque.com.br\/index.php\/wp-json\/wp\/v2\/posts\/12323\/revisions"}],"predecessor-version":[{"id":12324,"href":"https:\/\/noticiasdestaque.com.br\/index.php\/wp-json\/wp\/v2\/posts\/12323\/revisions\/12324"}],"wp:featuredmedia":[{"embeddable":true,"href":"https:\/\/noticiasdestaque.com.br\/index.php\/wp-json\/wp\/v2\/media\/12325"}],"wp:attachment":[{"href":"https:\/\/noticiasdestaque.com.br\/index.php\/wp-json\/wp\/v2\/media?parent=12323"}],"wp:term":[{"taxonomy":"category","embeddable":true,"href":"https:\/\/noticiasdestaque.com.br\/index.php\/wp-json\/wp\/v2\/categories?post=12323"},{"taxonomy":"post_tag","embeddable":true,"href":"https:\/\/noticiasdestaque.com.br\/index.php\/wp-json\/wp\/v2\/tags?post=12323"}],"curies":[{"name":"wp","href":"https:\/\/api.w.org\/{rel}","templated":true}]}}