{"id":12320,"date":"2024-01-29T00:39:00","date_gmt":"2024-01-29T00:39:00","guid":{"rendered":"https:\/\/noticiasdestaque.com.br\/index.php\/2024\/01\/29\/estiagem-mil-pessoas-foram-afetadas-no-amazonas\/"},"modified":"2024-01-29T00:39:00","modified_gmt":"2024-01-29T00:39:00","slug":"estiagem-mil-pessoas-foram-afetadas-no-amazonas","status":"publish","type":"post","link":"https:\/\/noticiasdestaque.com.br\/index.php\/2024\/01\/29\/estiagem-mil-pessoas-foram-afetadas-no-amazonas\/","title":{"rendered":"Estiagem: 637 mil pessoas foram afetadas no Amazonas"},"content":{"rendered":"<p>No Amazonas, 637 mil pessoas foram afetadas pela estiagem, conforme indica o \u00faltimo boletim divulgado pela Defesa Civil do estado nesta quinta-feira (25). De acordo com as informa\u00e7\u00f5es, todos os 62 munic\u00edpios amazonenses continuam em situa\u00e7\u00e3o de emerg\u00eancia devido \u00e0 seca.<\/p>\n<p>Andr\u00e9 Di Francesco, advogado e mestre em economia, informa que nos \u00faltimos anos, a regi\u00e3o Amaz\u00f4nica sofreu de secas extremas. \u201cIsso tem consequ\u00eancias devastadoras. Em primeiro lugar, a seca contribui para os inc\u00eandios florestais. A falta de chuva torna a floresta mais suscet\u00edvel a inc\u00eandios, que al\u00e9m de destru\u00ed-las, liberam grandes quantidades de \u00f3xidos de carbono na atmosfera.\u201d<\/p>\n<p>O advogado destaca que a seca tamb\u00e9m amea\u00e7a a biodiversidade da Amaz\u00f4nia, j\u00e1 que a floresta abriga esp\u00e9cies que podem n\u00e3o ter sido descobertas. Para ele, a seca, junto com o desmatamento, est\u00e1 levando muitas dessas esp\u00e9cies \u00e0 extin\u00e7\u00e3o.<\/p>\n<p>\u201cA seca tamb\u00e9m tem impactos sociais e econ\u00f4micos profundos. Milh\u00f5es de pessoas vivem na Amaz\u00f4nia e dependem da floresta para sua subsist\u00eancia. A seca afeta a disponibilidade de recursos como a \u00e1gua e alimentos, tornando a vida mais dif\u00edcil para essas comunidades\u201d, ressalta.<\/p>\n<p>Francesco explica que o reflexo direto na atividade econ\u00f4mica ocorre com a quebra das safras, que tem como consequ\u00eancia o aumento no pre\u00e7o dos alimentos que comp\u00f5em a cesta b\u00e1sica.<\/p>\n<h2>N\u00edvel dos rios<\/h2>\n<p>O 3\u00ba boletim de alerta hidrol\u00f3gico da bacia do amazonas, divulgado pelo Servi\u00e7o Geol\u00f3gico do Brasil (SGB), mostra que:<\/p>\n<ul>\n<li>Em Manaus, o n\u00edvel atual do rio Negro \u00e9 de 20,65 metros<\/li>\n<li>Em Rio Branco, o n\u00edvel atual do rio Acre \u00e9 de 6,8 metros<\/li>\n<li>Em Porto Velho, o n\u00edvel atual do rio Madeira \u00e9 de 7,37 metros<\/li>\n<\/ul>\n<p><strong>Leia mais:<\/strong><\/p>\n<\/p>\n<div class=\"share-buttons11 share-buttons11--gray\" style=\"text-align: center;text-align: center;position: absolute;top: 0;left: 72px;\">\n<div class=\"share-buttons__container11 share-buttons__container11--gray\" style=\"display: flex; flex-direction: column; align-items: center; gap: 10px;\"><a class=\"share-buttons__link share-buttons__link--gray\" data-action=\"share\/whatsapp\/share\" href=\"whatsapp:\/\/send?text= https:\/\/brasil61.com\/n\/estiagem-637-mil-pessoas-foram-afetadas-no-amazonas-bras2410799\" style=\"background-color: #25D366; border-radius: 50%; width: 50px; height: 50px; display: flex; align-items: center; justify-content: center;\"><svg xmlns=\"http:\/\/www.w3.org\/2000\/svg\" xmlns:v=\"https:\/\/vecta.io\/nano\" fill=\"currentColor\" style=\"width: 24px; height: 24px;\"><path fill-rule=\"evenodd\" d=\"M.93 11.809C.911 5.684 5.773.589 11.936.299c6.773-.321 12.343 5.14 12.132 11.844-.196 6.25-5.447 11.215-11.746 11.119a11.58 11.58 0 0 1-4.972-1.198l-5.843 1.374a.45.45 0 0 1-.417-.113.45.45 0 0 1-.129-.413l1.228-5.921A11.37 11.37 0 0 1 .93 11.809zm14.941 1.818l2.241.638v-.001a.83.83 0 0 1 .55.503.83.83 0 0 1 .05.38c-.013.129-.057.253-.127.362-.437.686-1.134 1.525-2.004 1.734-1.533.37-3.891.009-6.833-2.717-2.547-2.361-3.22-4.326-3.061-5.885.09-.886.832-1.683 1.458-2.209a.84.84 0 0 1 .727-.176.84.84 0 0 1 .579.474l.942 2.118c.061.137.083.288.065.436s-.076.289-.168.407l-.478.615a.8.8 0 0 0-.17.439.81.81 0 0 0 .105.459c.57.986 2.8 2.954 3.86 3.38a.82.82 0 0 0 .888-.186l.548-.555a.84.84 0 0 1 .828-.216z\" fill=\"currentColor\"><\/path><\/svg><br \/>\n<\/a><a class=\"share-buttons__link share-buttons__link--gray\" href=\"http:\/\/www.facebook.com\/sharer.php?u=https:\/\/brasil61.com\/n\/estiagem-637-mil-pessoas-foram-afetadas-no-amazonas-bras2410799\n<\/p>\n<input type=\"hidden\" id=\"baseurl\" value=\"https:\/\/noticiasdestaque.com.br\"><input type=\"hidden\" id=\"audio_nonce\" value=\"6a24ca502e\">","protected":false},"excerpt":{"rendered":"<p>Especialista explica os impactos da seca para a popula\u00e7\u00e3o do estado<\/p>\n","protected":false},"author":1,"featured_media":12322,"comment_status":"open","ping_status":"open","sticky":false,"template":"","format":"standard","meta":{"fifu_image_url":"","fifu_image_alt":"","footnotes":""},"categories":[1],"tags":[106],"class_list":["post-12320","post","type-post","status-publish","format-standard","has-post-thumbnail","hentry","category-uncategorized","tag-brunna-pareja"],"distributor_meta":false,"distributor_terms":false,"distributor_media":false,"distributor_original_site_name":"Noticias em Destaque","distributor_original_site_url":"https:\/\/noticiasdestaque.com.br","push-errors":false,"_links":{"self":[{"href":"https:\/\/noticiasdestaque.com.br\/index.php\/wp-json\/wp\/v2\/posts\/12320","targetHints":{"allow":["GET"]}}],"collection":[{"href":"https:\/\/noticiasdestaque.com.br\/index.php\/wp-json\/wp\/v2\/posts"}],"about":[{"href":"https:\/\/noticiasdestaque.com.br\/index.php\/wp-json\/wp\/v2\/types\/post"}],"author":[{"embeddable":true,"href":"https:\/\/noticiasdestaque.com.br\/index.php\/wp-json\/wp\/v2\/users\/1"}],"replies":[{"embeddable":true,"href":"https:\/\/noticiasdestaque.com.br\/index.php\/wp-json\/wp\/v2\/comments?post=12320"}],"version-history":[{"count":1,"href":"https:\/\/noticiasdestaque.com.br\/index.php\/wp-json\/wp\/v2\/posts\/12320\/revisions"}],"predecessor-version":[{"id":12321,"href":"https:\/\/noticiasdestaque.com.br\/index.php\/wp-json\/wp\/v2\/posts\/12320\/revisions\/12321"}],"wp:featuredmedia":[{"embeddable":true,"href":"https:\/\/noticiasdestaque.com.br\/index.php\/wp-json\/wp\/v2\/media\/12322"}],"wp:attachment":[{"href":"https:\/\/noticiasdestaque.com.br\/index.php\/wp-json\/wp\/v2\/media?parent=12320"}],"wp:term":[{"taxonomy":"category","embeddable":true,"href":"https:\/\/noticiasdestaque.com.br\/index.php\/wp-json\/wp\/v2\/categories?post=12320"},{"taxonomy":"post_tag","embeddable":true,"href":"https:\/\/noticiasdestaque.com.br\/index.php\/wp-json\/wp\/v2\/tags?post=12320"}],"curies":[{"name":"wp","href":"https:\/\/api.w.org\/{rel}","templated":true}]}}