{"id":12317,"date":"2024-01-28T22:09:00","date_gmt":"2024-01-28T22:09:00","guid":{"rendered":"https:\/\/noticiasdestaque.com.br\/index.php\/2024\/01\/28\/dengue-saiba-como-identificar-os-sintomas-e-prevenir-a-doenca\/"},"modified":"2024-01-28T22:09:00","modified_gmt":"2024-01-28T22:09:00","slug":"dengue-saiba-como-identificar-os-sintomas-e-prevenir-a-doenca","status":"publish","type":"post","link":"https:\/\/noticiasdestaque.com.br\/index.php\/2024\/01\/28\/dengue-saiba-como-identificar-os-sintomas-e-prevenir-a-doenca\/","title":{"rendered":"Dengue: saiba como identificar os sintomas e prevenir a doen\u00e7a"},"content":{"rendered":"<p>Com o in\u00edcio do per\u00edodo das chuvas e das altas temperaturas, o n\u00famero de casos de dengue, chikungunya e Zika tende a aumentar. O v\u00edrus da dengue \u00e9 transmitido por mosquitos f\u00eamea, principalmente da esp\u00e9cie Aedes aegypti. Existem quatro sorotipos que causam a dengue: DENV-1, DENV-2, DENV-3 e DENV-4. <\/p>\n<p>De julho de 2023 at\u00e9 janeiro deste ano, o Brasil registrou 370,205 casos prov\u00e1veis de dengue, segundo dados do Minist\u00e9rio da Sa\u00fade. Conforme a pasta, foram cerca de 182 casos a cada 100 mil habitantes. O n\u00famero de casos \u00e9 17,6% maior que o registrado em 2022. As regi\u00f5es com os maiores coeficientes de incid\u00eancia de casos s\u00e3o Centro-Oeste, Sudeste e Sul. Entre os estados, Acre, Minas Gerais, Espirito Santo e o Distrito Federal apresentam as maiores incid\u00eancias. <\/p>\n<p>Em meio a alta registrada de casos da doen\u00e7a no Brasil nas primeiras semanas de 2024, medidas de combate e preven\u00e7\u00e3o contra a prolifera\u00e7\u00e3o do mosquito transmissor da doen\u00e7a precisam ser intensificadas. Conforme o m\u00e9dico infectologista, Werciley J\u00fanior, para o combate \u00e0 dengue s\u00e3o necess\u00e1rios um conjunto de a\u00e7\u00f5es em diversas frentes.<\/p>\n<p>\u201cA estrat\u00e9gia de combate \u00e0 dengue tem que ser em v\u00e1rias posi\u00e7\u00f5es. Primeiro, preven\u00e7\u00e3o do indiv\u00edduo com a vacina\u00e7\u00e3o. Segunda parte de preven\u00e7\u00e3o, os cuidados para prevenir s\u00edtios e criat\u00f3rios, ou seja, higiene, limpeza de terrenos baldios, orienta\u00e7\u00e3o para todas as fam\u00edlias para cuidados dentro e fora do domic\u00edlio. Terceira coisa, o uso de repelente e outro ponto seria diagn\u00f3stico precoce e interven\u00e7\u00e3o r\u00e1pida, ou seja, pessoas com sintomas ser rapidamente avaliadas e gerar interven\u00e7\u00e3o naquelas comunidades que t\u00eam casos aumentados\u201d, avalia.<\/p>\n<p>O Minist\u00e9rio da Sa\u00fade recomenda que medidas simples implementadas \u00e0 rotina podem ajudar na elimina\u00e7\u00e3o do mosquito. S\u00e3o indicadas as seguintes a\u00e7\u00f5es: evitar deixar \u00e1gua parada em recipientes ao ar livre (potes, garrafas ou outros recipientes que possam acumular \u00e1gua) para que n\u00e3o se tornem criadouros de mosquitos; cobrir adequadamente os tanques e reservat\u00f3rios de \u00e1gua para manter os mosquitos afastado e evitar acumular lixo. <\/p>\n<p>Morador de Bras\u00edlia, o empres\u00e1rio Felipe Oliveira, de 30 anos, conta como tem procurado se prevenir contra a dengue. \u201cA gente est\u00e1 redobrando o cuidado aqui em casa. Colocando areia nos vasos de plantas, tirando \u00e1gua da calha, n\u00e3o deixando acumular nenhum entulho, porque realmente tem que ter essa preocupa\u00e7\u00e3o\u201d, relata.<\/p>\n<h2>Sinais e Sintomas <\/h2>\n<p>A dengue pode variar desde uma doen\u00e7a sem manifesta\u00e7\u00e3o de sintomas at\u00e9 quadros graves com hemorragia e choque. Geralmente, os sinais aparecem de 4 a 10 dias ap\u00f3s a picada do mosquito infectado. O infectologista Werciley J\u00fanior destaca os principais sintomas da dengue.<\/p>\n<p>\u201cPaciente com suspeita de dengue normalmente apresenta febre, dor no corpo associado a dor articular, dor acima dos olhos e muita prostra\u00e7\u00e3o. Ent\u00e3o, na suspeita, o ideal \u00e9 sempre buscar assist\u00eancia m\u00e9dica para que possa ser feito um exame de sangue para avaliar a taxa de desidrata\u00e7\u00e3o do paciente e as plaquetas. Caso o exame n\u00e3o esteja alterado e a pessoa consiga se hidratar, o tratamento base para a dengue sempre \u00e9 a hidrata\u00e7\u00e3o\u201d, explica.<\/p>\n<h2>Situa\u00e7\u00e3o de Emerg\u00eancia<\/h2>\n<p>Na manh\u00e3 deste s\u00e1bado (27) o governo de Minas Gerais decretou situa\u00e7\u00e3o de emerg\u00eancia devido ao aumento dos casos de dengue, no estado. A determina\u00e7\u00e3o, assinada pelo governador Romeu Zema (Novo), foi publicada no Di\u00e1rio Oficial do Estado. O decreto vale por 180 dias. Conforme a Secretaria de Estado de Sa\u00fade (SES-MG), at\u00e9 a \u00faltima sexta-feira (26) foram registrados 21.573 casos de dengue. As regi\u00f5es de Belo Horizonte e Itabira apresentaram os maiores \u00edndices de casos.<\/p>\n<p>Al\u00e9m de Minas, o Distrito Federal e o Acre declararam situa\u00e7\u00e3o de emerg\u00eancia. No DF, at\u00e9 o dia 20 de janeiro, houve 16.079 casos prov\u00e1veis notificados da doen\u00e7a. J\u00e1 no Acre, de acordo com o Informe Semanal das Arboviroses Urbanas, entre as semanas epidemiol\u00f3gicas 1 a 3 deste ano foram registrados 1.765 casos prov\u00e1veis de dengue. Em 2023, houve notifica\u00e7\u00e3o de 411 casos prov\u00e1veis.  <\/p>\n<p>A partir dos decretos, os estados e o DF v\u00e3o poder acelerar os processos para a aquisi\u00e7\u00e3o de insumos e materiais para o tratamento m\u00e9dico dos pacientes e a contrata\u00e7\u00e3o de servi\u00e7os.<\/p>\n<h2>Vacina contra a dengue<\/h2>\n<p>Aprovada pela ANVISA em 2023, a vacina da Dengue QDenga passa a ser mais um importante recurso na preven\u00e7\u00e3o dos casos de dengue no Brasil. O imunizante possui em sua composi\u00e7\u00e3o as quatro variantes do v\u00edrus causador da doen\u00e7a.  No Brasil, a vacina\u00e7\u00e3o est\u00e1 prevista para iniciar em fevereiro para crian\u00e7as e adolescentes de 10 a 14 anos.<\/p>\n<p>Conforme o Minist\u00e9rio da Sa\u00fade, 521 munic\u00edpios de 16 estados e o Distrito Federal preenchem os requisitos para o in\u00edcio de vacina\u00e7\u00e3o. Ao todo, 5,2 milh\u00f5es de doses da vacina dever\u00e3o ser entregues ao longo de 2024. A pasta prev\u00ea que cerca de 3,2 milh\u00f5es de pessoas devem ser vacinadas neste ano.<\/p>\n<\/p>\n<div class=\"share-buttons11 share-buttons11--gray\" style=\"text-align: center;text-align: center;position: absolute;top: 0;left: 72px;\">\n<div class=\"share-buttons__container11 share-buttons__container11--gray\" style=\"display: flex; flex-direction: column; align-items: center; gap: 10px;\"><a class=\"share-buttons__link share-buttons__link--gray\" data-action=\"share\/whatsapp\/share\" href=\"whatsapp:\/\/send?text= https:\/\/brasil61.com\/n\/dengue-saiba-como-identificar-os-sintomas-e-prevenir-a-doenca-bras2410807\" style=\"background-color: #25D366; border-radius: 50%; width: 50px; height: 50px; display: flex; align-items: center; justify-content: center;\"><svg xmlns=\"http:\/\/www.w3.org\/2000\/svg\" xmlns:v=\"https:\/\/vecta.io\/nano\" fill=\"currentColor\" style=\"width: 24px; height: 24px;\"><path fill-rule=\"evenodd\" d=\"M.93 11.809C.911 5.684 5.773.589 11.936.299c6.773-.321 12.343 5.14 12.132 11.844-.196 6.25-5.447 11.215-11.746 11.119a11.58 11.58 0 0 1-4.972-1.198l-5.843 1.374a.45.45 0 0 1-.417-.113.45.45 0 0 1-.129-.413l1.228-5.921A11.37 11.37 0 0 1 .93 11.809zm14.941 1.818l2.241.638v-.001a.83.83 0 0 1 .55.503.83.83 0 0 1 .05.38c-.013.129-.057.253-.127.362-.437.686-1.134 1.525-2.004 1.734-1.533.37-3.891.009-6.833-2.717-2.547-2.361-3.22-4.326-3.061-5.885.09-.886.832-1.683 1.458-2.209a.84.84 0 0 1 .727-.176.84.84 0 0 1 .579.474l.942 2.118c.061.137.083.288.065.436s-.076.289-.168.407l-.478.615a.8.8 0 0 0-.17.439.81.81 0 0 0 .105.459c.57.986 2.8 2.954 3.86 3.38a.82.82 0 0 0 .888-.186l.548-.555a.84.84 0 0 1 .828-.216z\" fill=\"currentColor\"><\/path><\/svg><br \/>\n<\/a><a class=\"share-buttons__link share-buttons__link--gray\" href=\"http:\/\/www.facebook.com\/sharer.php?u=https:\/\/brasil61.com\/n\/dengue-saiba-como-identificar-os-sintomas-e-prevenir-a-doenca-bras2410807\n<\/p>\n<input type=\"hidden\" id=\"baseurl\" value=\"https:\/\/noticiasdestaque.com.br\"><input type=\"hidden\" id=\"audio_nonce\" value=\"6a24ca502e\">","protected":false},"excerpt":{"rendered":"<p> V\u00edrus da dengue \u00e9 transmitido pela picada da f\u00eamea do mosquito Aedes aegypti <\/p>\n","protected":false},"author":1,"featured_media":12319,"comment_status":"open","ping_status":"open","sticky":false,"template":"","format":"standard","meta":{"fifu_image_url":"","fifu_image_alt":"","footnotes":""},"categories":[1],"tags":[112],"class_list":["post-12317","post","type-post","status-publish","format-standard","has-post-thumbnail","hentry","category-uncategorized","tag-energreener"],"distributor_meta":false,"distributor_terms":false,"distributor_media":false,"distributor_original_site_name":"Noticias em Destaque","distributor_original_site_url":"https:\/\/noticiasdestaque.com.br","push-errors":false,"_links":{"self":[{"href":"https:\/\/noticiasdestaque.com.br\/index.php\/wp-json\/wp\/v2\/posts\/12317","targetHints":{"allow":["GET"]}}],"collection":[{"href":"https:\/\/noticiasdestaque.com.br\/index.php\/wp-json\/wp\/v2\/posts"}],"about":[{"href":"https:\/\/noticiasdestaque.com.br\/index.php\/wp-json\/wp\/v2\/types\/post"}],"author":[{"embeddable":true,"href":"https:\/\/noticiasdestaque.com.br\/index.php\/wp-json\/wp\/v2\/users\/1"}],"replies":[{"embeddable":true,"href":"https:\/\/noticiasdestaque.com.br\/index.php\/wp-json\/wp\/v2\/comments?post=12317"}],"version-history":[{"count":1,"href":"https:\/\/noticiasdestaque.com.br\/index.php\/wp-json\/wp\/v2\/posts\/12317\/revisions"}],"predecessor-version":[{"id":12318,"href":"https:\/\/noticiasdestaque.com.br\/index.php\/wp-json\/wp\/v2\/posts\/12317\/revisions\/12318"}],"wp:featuredmedia":[{"embeddable":true,"href":"https:\/\/noticiasdestaque.com.br\/index.php\/wp-json\/wp\/v2\/media\/12319"}],"wp:attachment":[{"href":"https:\/\/noticiasdestaque.com.br\/index.php\/wp-json\/wp\/v2\/media?parent=12317"}],"wp:term":[{"taxonomy":"category","embeddable":true,"href":"https:\/\/noticiasdestaque.com.br\/index.php\/wp-json\/wp\/v2\/categories?post=12317"},{"taxonomy":"post_tag","embeddable":true,"href":"https:\/\/noticiasdestaque.com.br\/index.php\/wp-json\/wp\/v2\/tags?post=12317"}],"curies":[{"name":"wp","href":"https:\/\/api.w.org\/{rel}","templated":true}]}}