{"id":12314,"date":"2024-01-28T20:39:00","date_gmt":"2024-01-28T20:39:00","guid":{"rendered":"https:\/\/noticiasdestaque.com.br\/index.php\/2024\/01\/28\/previsao-do-tempo-muitas-nuvens-e-pancadas-de-chuva-isoladas-no-sudeste-nesta-segunda-feira\/"},"modified":"2024-01-28T20:39:00","modified_gmt":"2024-01-28T20:39:00","slug":"previsao-do-tempo-muitas-nuvens-e-pancadas-de-chuva-isoladas-no-sudeste-nesta-segunda-feira","status":"publish","type":"post","link":"https:\/\/noticiasdestaque.com.br\/index.php\/2024\/01\/28\/previsao-do-tempo-muitas-nuvens-e-pancadas-de-chuva-isoladas-no-sudeste-nesta-segunda-feira\/","title":{"rendered":"PREVIS\u00c3O DO TEMPO: muitas nuvens e pancadas de chuva isoladas no Sudeste nesta segunda-feira (29)"},"content":{"rendered":"<p>Na manh\u00e3 desta segunda-feira (29), a previs\u00e3o \u00e9 de muitas nuvens com pancadas de chuva e trovoadas isoladas no norte de Minas Gerais, em cidades como Montes Claros, Janu\u00e1ria e Salinas. H\u00e1 um alerta de perigo do Instituto Nacional de Meteorologia (Inmet) para chuvas mais volumosas, predominantemente no estado, que podem chegar a 100 mil\u00edmetros. As cidades de Almenara e Ibiracatu, em Minas, e Boa Esperan\u00e7a (ES) est\u00e3o sob alerta.  <\/p>\n<p>Grande parte do Esp\u00edrito Santo, incluindo Vit\u00f3ria, tem possibilidade de chuva isolada nesta tarde de segunda-feira, assim como no Rio de Janeiro. S\u00e3o Paulo \u00e9 o estado com menos possibilidade de chuva, mas tem c\u00e9u com muitas nuvens durante todo o dia. <\/p>\n<p>O litoral paulista, Rio de Janeiro e Esp\u00edrito Santo e grande parte de Minas Gerais estar\u00e3o sob alerta amarelo, que representa perigo potencial, com chuva entre 50 e 60 mil\u00edmetros. <\/p>\n<p>J\u00e1 durante a semana, h\u00e1 previs\u00e3o de pancadas de chuvas localmente fortes em \u00e1reas de S\u00e3o Paulo, Rio de Janeiro, Minas Gerais, que devem ultrapassar os 80 mil\u00edmetros. Nas demais \u00e1reas, s\u00e3o previstos menores acumulados de chuvas.<\/p>\n<p>Isso porque ocorre uma migra\u00e7\u00e3o do canal da umidade que vai avan\u00e7ando desde Minas Gerais e se deslocando um pouco mais para o sul da regi\u00e3o, como explica o meteorologista do Inmet Her\u00e1clio Alves. <\/p>\n<p>\u201cAt\u00e9 quarta-feira grande (31), parte de Minas Gerais, Esp\u00edrito Santo e norte do Rio de Janeiro predomina tempo mais encoberto e chuvoso, com pancadas no per\u00edodo da tarde. A partir de quarta, essas chuvas ficam mais concentradas entre o norte e leste de S\u00e3o Paulo, incluindo metade sul de Minas e tamb\u00e9m no Rio, onde podem ocorrer pancadas de chuva. Aten\u00e7\u00e3o principalmente para as \u00e1reas serranas tanto no Rio de Janeiro quanto no leste de S\u00e3o Paulo, onde pontualmente pode ocorrer um volume mais significativo\u201d, pontua. <\/p>\n<p>A temperatura m\u00ednima entre as capitais, nesta segunda-feira (29), fica na casa dos 18\u00baC em S\u00e3o Paulo e a m\u00e1xima ser\u00e1 de 30\u00baC, no Rio de Janeiro.<\/p>\n<p>As informa\u00e7\u00f5es s\u00e3o do Instituto Nacional de Meteorologia.<\/p>\n<div class=\"share-buttons11 share-buttons11--gray\" style=\"text-align: center;text-align: center;position: absolute;top: 0;left: 72px;\">\n<div class=\"share-buttons__container11 share-buttons__container11--gray\" style=\"display: flex; flex-direction: column; align-items: center; gap: 10px;\"><a class=\"share-buttons__link share-buttons__link--gray\" data-action=\"share\/whatsapp\/share\" href=\"whatsapp:\/\/send?text= https:\/\/brasil61.com\/n\/previsao-do-tempo-muitas-nuvens-e-pancadas-de-chuva-isoladas-no-sudeste-nesta-segunda-feira-29-ptsd243249\" style=\"background-color: #25D366; border-radius: 50%; width: 50px; height: 50px; display: flex; align-items: center; justify-content: center;\"><svg xmlns=\"http:\/\/www.w3.org\/2000\/svg\" xmlns:v=\"https:\/\/vecta.io\/nano\" fill=\"currentColor\" style=\"width: 24px; height: 24px;\"><path fill-rule=\"evenodd\" d=\"M.93 11.809C.911 5.684 5.773.589 11.936.299c6.773-.321 12.343 5.14 12.132 11.844-.196 6.25-5.447 11.215-11.746 11.119a11.58 11.58 0 0 1-4.972-1.198l-5.843 1.374a.45.45 0 0 1-.417-.113.45.45 0 0 1-.129-.413l1.228-5.921A11.37 11.37 0 0 1 .93 11.809zm14.941 1.818l2.241.638v-.001a.83.83 0 0 1 .55.503.83.83 0 0 1 .05.38c-.013.129-.057.253-.127.362-.437.686-1.134 1.525-2.004 1.734-1.533.37-3.891.009-6.833-2.717-2.547-2.361-3.22-4.326-3.061-5.885.09-.886.832-1.683 1.458-2.209a.84.84 0 0 1 .727-.176.84.84 0 0 1 .579.474l.942 2.118c.061.137.083.288.065.436s-.076.289-.168.407l-.478.615a.8.8 0 0 0-.17.439.81.81 0 0 0 .105.459c.57.986 2.8 2.954 3.86 3.38a.82.82 0 0 0 .888-.186l.548-.555a.84.84 0 0 1 .828-.216z\" fill=\"currentColor\"><\/path><\/svg><br \/>\n<\/a><a class=\"share-buttons__link share-buttons__link--gray\" href=\"http:\/\/www.facebook.com\/sharer.php?u=https:\/\/brasil61.com\/n\/previsao-do-tempo-muitas-nuvens-e-pancadas-de-chuva-isoladas-no-sudeste-nesta-segunda-feira-29-ptsd243249\n<\/p>\n<input type=\"hidden\" id=\"baseurl\" value=\"https:\/\/noticiasdestaque.com.br\"><input type=\"hidden\" id=\"audio_nonce\" value=\"6f73a554f1\">","protected":false},"excerpt":{"rendered":"<p>A temperatura pode variar entre 18\u00baC e 30\u00baC nas capitais da regi\u00e3o<\/p>\n","protected":false},"author":1,"featured_media":12316,"comment_status":"open","ping_status":"open","sticky":false,"template":"","format":"standard","meta":{"fifu_image_url":"","fifu_image_alt":"","footnotes":""},"categories":[1],"tags":[],"class_list":["post-12314","post","type-post","status-publish","format-standard","has-post-thumbnail","hentry","category-uncategorized"],"distributor_meta":false,"distributor_terms":false,"distributor_media":false,"distributor_original_site_name":"Noticias em Destaque","distributor_original_site_url":"https:\/\/noticiasdestaque.com.br","push-errors":false,"_links":{"self":[{"href":"https:\/\/noticiasdestaque.com.br\/index.php\/wp-json\/wp\/v2\/posts\/12314","targetHints":{"allow":["GET"]}}],"collection":[{"href":"https:\/\/noticiasdestaque.com.br\/index.php\/wp-json\/wp\/v2\/posts"}],"about":[{"href":"https:\/\/noticiasdestaque.com.br\/index.php\/wp-json\/wp\/v2\/types\/post"}],"author":[{"embeddable":true,"href":"https:\/\/noticiasdestaque.com.br\/index.php\/wp-json\/wp\/v2\/users\/1"}],"replies":[{"embeddable":true,"href":"https:\/\/noticiasdestaque.com.br\/index.php\/wp-json\/wp\/v2\/comments?post=12314"}],"version-history":[{"count":1,"href":"https:\/\/noticiasdestaque.com.br\/index.php\/wp-json\/wp\/v2\/posts\/12314\/revisions"}],"predecessor-version":[{"id":12315,"href":"https:\/\/noticiasdestaque.com.br\/index.php\/wp-json\/wp\/v2\/posts\/12314\/revisions\/12315"}],"wp:featuredmedia":[{"embeddable":true,"href":"https:\/\/noticiasdestaque.com.br\/index.php\/wp-json\/wp\/v2\/media\/12316"}],"wp:attachment":[{"href":"https:\/\/noticiasdestaque.com.br\/index.php\/wp-json\/wp\/v2\/media?parent=12314"}],"wp:term":[{"taxonomy":"category","embeddable":true,"href":"https:\/\/noticiasdestaque.com.br\/index.php\/wp-json\/wp\/v2\/categories?post=12314"},{"taxonomy":"post_tag","embeddable":true,"href":"https:\/\/noticiasdestaque.com.br\/index.php\/wp-json\/wp\/v2\/tags?post=12314"}],"curies":[{"name":"wp","href":"https:\/\/api.w.org\/{rel}","templated":true}]}}