{"id":12308,"date":"2024-01-25T19:56:00","date_gmt":"2024-01-25T19:56:00","guid":{"rendered":"https:\/\/noticiasdestaque.com.br\/index.php\/2024\/01\/25\/dois-sao-presos-e-um-e-resgatado-em-operacao-contra-trabalho-escravo\/"},"modified":"2024-01-25T19:56:00","modified_gmt":"2024-01-25T19:56:00","slug":"dois-sao-presos-e-um-e-resgatado-em-operacao-contra-trabalho-escravo","status":"publish","type":"post","link":"https:\/\/noticiasdestaque.com.br\/index.php\/2024\/01\/25\/dois-sao-presos-e-um-e-resgatado-em-operacao-contra-trabalho-escravo\/","title":{"rendered":"Dois s\u00e3o presos e um \u00e9 resgatado em opera\u00e7\u00e3o contra trabalho escravo"},"content":{"rendered":"<style> bloco.meta {font-style: italic; color: #666;font-weight: 600;font-size: .8em; \/* line-height: .3em; *\/}  text h2 { font-weight: 700 !important;  color: #062f46 !important;} text img { width: none; left: none;}<\/style>\n<\/p>\n<p>Duas pessoas foram presas, nesta quinta-feira (25), em Mato Grosso do Sul, durante uma a\u00e7\u00e3o contra o trabalho escravo. Um trabalhador submetido a condi\u00e7\u00f5es degradantes foi resgatado pelos policiais federais e por servidores do Minist\u00e9rio P\u00fablico do Trabalho (MPT) e do Minist\u00e9rio do Trabalho e Emprego (MTE) que participam da chamada Opera\u00e7\u00e3o Feronia.<aimg src=\"https:\/\/aagenciabrasil.ebc.com.br\/ebc.apng?id=1577884 o=node\" style=\"width:1px; height:1px; display:inline;\"><\/aimg><aimg src=\"https:\/\/aagenciabrasil.ebc.com.br\/ebc.agif?id=1577884 o=node\" style=\"width:1px; height:1px; display:inline;\"><\/aimg><\/p>\n<p>Segundo a Pol\u00edcia Federal (PF), a a\u00e7\u00e3o foi deflagrada nas primeiras horas do dia para que os agentes p\u00fablicos cumprissem quatro mandados judiciais de busca e apreens\u00e3o nas cidades sul-mato-grossenses de Corumb\u00e1 e de Dois Irm\u00e3os do Buriti, distantes cerca de 360 quil\u00f4metros uma da outra.<\/p>\n<p>Ao cumprir os mandados judiciais, os policiais federais apreenderam quatro armas e um celular. Os dois homens detidos foram presos em flagrante por porte ilegal de arma. Um deles tamb\u00e9m responder\u00e1 pelo crime de submeter um trabalhador a condi\u00e7\u00f5es an\u00e1logas \u00e0 escravid\u00e3o.<\/p>\n<p>De acordo com a PF, o objetivo da Opera\u00e7\u00e3o Feronia era aprofundar as investiga\u00e7\u00f5es iniciadas a partir das den\u00fancias feitas por dois homens que afirmam ter sido for\u00e7ados a trabalhar em condi\u00e7\u00f5es degradantes, na \u00e1rea rural de Corumb\u00e1. Os dois alegam que conseguiram escapar, mas um deles diz que voltou a ser procurado por seus empregadores, que passaram a tentar convenc\u00ea-lo a voltar ao trabalho, nas mesmas condi\u00e7\u00f5es, mas em outra localidade.<\/p>\n<p>Al\u00e9m de investigar a explora\u00e7\u00e3o de trabalhadores, a PF tamb\u00e9m est\u00e1 apurando se os investigados se apropriavam da aposentadoria de ao menos um idoso v\u00edtima do esquema, entre outras poss\u00edveis pr\u00e1ticas criminosas, como difama\u00e7\u00e3o, inj\u00faria e les\u00e3o corporal.<\/p>\n<p>Por raz\u00f5es legais e para garantir a seguran\u00e7a dos envolvidos, a PF n\u00e3o divulgou detalhes que permitam a identifica\u00e7\u00e3o dos presos, das propriedades rurais alvo da opera\u00e7\u00e3o e dos trabalhadores resgatados. Mas refor\u00e7ou que a Delegacia da Pol\u00edcia Federal em Corumb\u00e1\/MS mant\u00e9m canal de den\u00fancias an\u00f4nimas atrav\u00e9s do <a href=\"http:\/\/uip.cra.ms@pf.gov.br\" target=\"_blank\"><em>e-mail <\/em><\/a>e do telefone 67 9 9202 8240.<\/p>\n<p>Den\u00fancias de irregularidades trabalhistas e de trabalho an\u00e1logo ao escravo tamb\u00e9m podem ser feitas pela internet, nos <em><a href=\"https:\/\/denuncia.sit.trabalho.gov.br\/home e https:\/\/ipe.sit.trabalho.gov.br\/#!\/\" target=\"_blank\">links<\/a>.<\/em><\/p>\n<p class=\"alt-font font-italic my-2 small text-info\">\n                                                Edi\u00e7\u00e3o:   Val\u00e9ria Aguiar                    <\/p>\n<p>            <!-- blog End --><\/p>\n<p>            <!-- tag and share --><\/p>\n<p> Fonte: EBC <\/p>\n<input type=\"hidden\" id=\"baseurl\" value=\"https:\/\/noticiasdestaque.com.br\"><input type=\"hidden\" id=\"audio_nonce\" value=\"6f73a554f1\">","protected":false},"excerpt":{"rendered":"<p>A\u00e7\u00e3o ocorreu nas primeiras horas desta quinta-feira<\/p>\n","protected":false},"author":1,"featured_media":12310,"comment_status":"open","ping_status":"open","sticky":false,"template":"","format":"standard","meta":{"fifu_image_url":"","fifu_image_alt":"","footnotes":""},"categories":[1],"tags":[106],"class_list":["post-12308","post","type-post","status-publish","format-standard","has-post-thumbnail","hentry","category-uncategorized","tag-brunna-pareja"],"distributor_meta":false,"distributor_terms":false,"distributor_media":false,"distributor_original_site_name":"Noticias em Destaque","distributor_original_site_url":"https:\/\/noticiasdestaque.com.br","push-errors":false,"_links":{"self":[{"href":"https:\/\/noticiasdestaque.com.br\/index.php\/wp-json\/wp\/v2\/posts\/12308","targetHints":{"allow":["GET"]}}],"collection":[{"href":"https:\/\/noticiasdestaque.com.br\/index.php\/wp-json\/wp\/v2\/posts"}],"about":[{"href":"https:\/\/noticiasdestaque.com.br\/index.php\/wp-json\/wp\/v2\/types\/post"}],"author":[{"embeddable":true,"href":"https:\/\/noticiasdestaque.com.br\/index.php\/wp-json\/wp\/v2\/users\/1"}],"replies":[{"embeddable":true,"href":"https:\/\/noticiasdestaque.com.br\/index.php\/wp-json\/wp\/v2\/comments?post=12308"}],"version-history":[{"count":1,"href":"https:\/\/noticiasdestaque.com.br\/index.php\/wp-json\/wp\/v2\/posts\/12308\/revisions"}],"predecessor-version":[{"id":12309,"href":"https:\/\/noticiasdestaque.com.br\/index.php\/wp-json\/wp\/v2\/posts\/12308\/revisions\/12309"}],"wp:featuredmedia":[{"embeddable":true,"href":"https:\/\/noticiasdestaque.com.br\/index.php\/wp-json\/wp\/v2\/media\/12310"}],"wp:attachment":[{"href":"https:\/\/noticiasdestaque.com.br\/index.php\/wp-json\/wp\/v2\/media?parent=12308"}],"wp:term":[{"taxonomy":"category","embeddable":true,"href":"https:\/\/noticiasdestaque.com.br\/index.php\/wp-json\/wp\/v2\/categories?post=12308"},{"taxonomy":"post_tag","embeddable":true,"href":"https:\/\/noticiasdestaque.com.br\/index.php\/wp-json\/wp\/v2\/tags?post=12308"}],"curies":[{"name":"wp","href":"https:\/\/api.w.org\/{rel}","templated":true}]}}