{"id":12305,"date":"2024-01-25T18:56:00","date_gmt":"2024-01-25T18:56:00","guid":{"rendered":"https:\/\/noticiasdestaque.com.br\/index.php\/2024\/01\/25\/cruzes-na-esplanada-lembram-vitimas-de-tragedia-em-brumadinho\/"},"modified":"2024-01-25T18:56:00","modified_gmt":"2024-01-25T18:56:00","slug":"cruzes-na-esplanada-lembram-vitimas-de-tragedia-em-brumadinho","status":"publish","type":"post","link":"https:\/\/noticiasdestaque.com.br\/index.php\/2024\/01\/25\/cruzes-na-esplanada-lembram-vitimas-de-tragedia-em-brumadinho\/","title":{"rendered":"Cruzes na Esplanada lembram v\u00edtimas de trag\u00e9dia em Brumadinho"},"content":{"rendered":"<style> bloco.meta {font-style: italic; color: #666;font-weight: 600;font-size: .8em; \/* line-height: .3em; *\/}  text h2 { font-weight: 700 !important;  color: #062f46 !important;} text img { width: none; left: none;}<\/style>\n<\/p>\n<p>Duzentas e setenta e duas cruzes de madeira foram instaladas, nesta quinta-feira (25), no gramado central da Esplanada dos Minist\u00e9rios, em frente ao Congresso Nacional, em Bras\u00edlia. A iniciativa, do deputado federal Pedro Aihara (Patriota-MG), pede justi\u00e7a para as <a href=\"http:\/\/agenciabrasil.ebc.com.br\/geral\/noticia\/2019-01\/barragem-da-vale-rompe-em-brumadinho-mg\" target=\"_blank\">v\u00edtimas do rompimento<\/a> da barragem da mina C\u00f3rrego do Feij\u00e3o, localizada em Brumadinho (MG), na regi\u00e3o metropolitana de Belo Horizonte.<aimg src=\"https:\/\/aagenciabrasil.ebc.com.br\/ebc.apng?id=1577863 o=node\" style=\"width:1px; height:1px; display:inline;\"><\/aimg><aimg src=\"https:\/\/aagenciabrasil.ebc.com.br\/ebc.agif?id=1577863 o=node\" style=\"width:1px; height:1px; display:inline;\"><\/aimg><\/p>\n<p>Considerado uma das maiores trag\u00e9dias ambientais e trabalhistas do Brasil, o rompimento da barragem &#8211; pertencente \u00e0 mineradora Vale &#8211; completou cinco anos \u00e0s 12h28 de hoje. Entre as 270 v\u00edtimas fatais, havia duas mulheres gr\u00e1vidas, totalizando 272 vidas perdidas. Os corpos de tr\u00eas das v\u00edtimas ainda n\u00e3o foram localizados.<\/p>\n<p>Em cada cruz colocada diante do Congresso foi escrito o nome de uma das pessoas mortas com o rompimento da barragem I (B1) \u2013 evento que causou o rompimento de outras duas barragens (B-IV e B-IV-A) da mesma mina e, segundo o governo de Minas Gerais, despejou aproximadamente 12 milh\u00f5es de metros c\u00fabicos de rejeitos que, al\u00e9m da \u00e1rea ao redor, atingiram rios, cursos d\u00b4\u00e1gua e afetaram ao menos 26 cidades, causando preju\u00edzos ambientais e socioecon\u00f4micos para todo o estado.<\/p>\n<p> nd-widget-wrapper context-cheio_8colunas type-gallery&#8221;<\/p>\n<input type=\"hidden\" id=\"baseurl\" value=\"https:\/\/noticiasdestaque.com.br\"><input type=\"hidden\" id=\"audio_nonce\" value=\"6f73a554f1\">","protected":false},"excerpt":{"rendered":"<p>Iniciativa pede justi\u00e7a para quem morreu no rompimento de barragem<\/p>\n","protected":false},"author":1,"featured_media":12307,"comment_status":"open","ping_status":"open","sticky":false,"template":"","format":"standard","meta":{"fifu_image_url":"","fifu_image_alt":"","footnotes":""},"categories":[1],"tags":[106],"class_list":["post-12305","post","type-post","status-publish","format-standard","has-post-thumbnail","hentry","category-uncategorized","tag-brunna-pareja"],"distributor_meta":false,"distributor_terms":false,"distributor_media":false,"distributor_original_site_name":"Noticias em Destaque","distributor_original_site_url":"https:\/\/noticiasdestaque.com.br","push-errors":false,"_links":{"self":[{"href":"https:\/\/noticiasdestaque.com.br\/index.php\/wp-json\/wp\/v2\/posts\/12305","targetHints":{"allow":["GET"]}}],"collection":[{"href":"https:\/\/noticiasdestaque.com.br\/index.php\/wp-json\/wp\/v2\/posts"}],"about":[{"href":"https:\/\/noticiasdestaque.com.br\/index.php\/wp-json\/wp\/v2\/types\/post"}],"author":[{"embeddable":true,"href":"https:\/\/noticiasdestaque.com.br\/index.php\/wp-json\/wp\/v2\/users\/1"}],"replies":[{"embeddable":true,"href":"https:\/\/noticiasdestaque.com.br\/index.php\/wp-json\/wp\/v2\/comments?post=12305"}],"version-history":[{"count":1,"href":"https:\/\/noticiasdestaque.com.br\/index.php\/wp-json\/wp\/v2\/posts\/12305\/revisions"}],"predecessor-version":[{"id":12306,"href":"https:\/\/noticiasdestaque.com.br\/index.php\/wp-json\/wp\/v2\/posts\/12305\/revisions\/12306"}],"wp:featuredmedia":[{"embeddable":true,"href":"https:\/\/noticiasdestaque.com.br\/index.php\/wp-json\/wp\/v2\/media\/12307"}],"wp:attachment":[{"href":"https:\/\/noticiasdestaque.com.br\/index.php\/wp-json\/wp\/v2\/media?parent=12305"}],"wp:term":[{"taxonomy":"category","embeddable":true,"href":"https:\/\/noticiasdestaque.com.br\/index.php\/wp-json\/wp\/v2\/categories?post=12305"},{"taxonomy":"post_tag","embeddable":true,"href":"https:\/\/noticiasdestaque.com.br\/index.php\/wp-json\/wp\/v2\/tags?post=12305"}],"curies":[{"name":"wp","href":"https:\/\/api.w.org\/{rel}","templated":true}]}}