{"id":12284,"date":"2024-01-25T19:52:00","date_gmt":"2024-01-25T19:52:00","guid":{"rendered":"https:\/\/noticiasdestaque.com.br\/index.php\/2024\/01\/25\/minas-gerais-registrou-mais-de-mil-casos-de-dengue-em\/"},"modified":"2024-01-25T19:52:00","modified_gmt":"2024-01-25T19:52:00","slug":"minas-gerais-registrou-mais-de-mil-casos-de-dengue-em","status":"publish","type":"post","link":"https:\/\/noticiasdestaque.com.br\/index.php\/2024\/01\/25\/minas-gerais-registrou-mais-de-mil-casos-de-dengue-em\/","title":{"rendered":"Minas Gerais registrou mais de 327 mil casos de dengue em 2023"},"content":{"rendered":"<p>Em 2023, Minas Gerais registrou 327.238 casos de dengue e 204 mortes. Neste ano, at\u00e9 o dia 22 de janeiro, foram notificados 11.490 casos confirmados, 14 mortes em investiga\u00e7\u00e3o e uma confirmada no estado. Os dados s\u00e3o do Painel de Arboviroses, divulgado pela Secretaria de Sa\u00fade mineira (SES &#8211; MG). <\/p>\n<p>At\u00e9 o momento, 600 munic\u00edpios de Minas Gerais apresentaram casos de dengue, com destaque para a regi\u00e3o Central. <\/p>\n<p>Karina Tomiasi, m\u00e9dica que atua na \u00e1rea de sa\u00fade da fam\u00edlia, explica que a dengue \u00e9 transmitida pela picada do mosquito <em>Aedes Aegypti, f<\/em>acilmente encontrado em domic\u00edlios, estabelecimentos comerciais e escolas. <\/p>\n<p>\u201cA dengue \u00e9 uma doen\u00e7a bem chata, d\u00e1 dor de cabe\u00e7a, febre, dor no corpo. Ela abaixa as plaquetas e voc\u00ea pode ficar desidratado. A fase mais perigosa da dengue \u00e9 quando a febre come\u00e7a a efervescer, quando surgem as principais complica\u00e7\u00f5es\u201d, explica.<\/p>\n<h2>Preven\u00e7\u00e3o<\/h2>\n<p>De acordo com Tomiasi, a preven\u00e7\u00e3o do mosquito \u00e9 \u201cfacilmente\u201d feita quando evita-se a procria\u00e7\u00e3o do <em>Aedes Aegypti.<\/em> Algumas formas de evitar s\u00e3o:<\/p>\n<ul>\n<li>Colocar terra em pratinhos das plantas;<\/li>\n<li>N\u00e3o acumular garrafas e entulhos;<\/li>\n<li>Fazer a limpeza regular das calhas;<\/li>\n<li>Usar repelentes e mosquiteiros.<\/li>\n<\/ul>\n<p><strong>Veja outros cuidados:<\/strong><\/p>\n<p><img decoding=\"async\" alt=\"\" src=\"\/\/s3-sa-east-1.amazonaws.com\/agencia-radio-arb\/5695\/content_content_content_prevenir-dengue.png\" style=\"width: 100%;\"><\/p>\n<h2>Vacina contra a dengue<\/h2>\n<p>Uma outra forma de preven\u00e7\u00e3o da dengue \u00e9 por meio da vacina\u00e7\u00e3o. Segundo a SES-MG, o Minist\u00e9rio da Sa\u00fade deve encaminhar as doses da vacina contra a doen\u00e7a  para os estados com n\u00fameros elevados de casos, incluindo Minas Gerais.<\/p>\n<p>Quando as doses estiverem dispon\u00edveis, ser\u00e1 feito um cronograma de vacina\u00e7\u00e3o e a defini\u00e7\u00e3o do p\u00fablico-alvo. A previs\u00e3o \u00e9 que a vacina\u00e7\u00e3o seja iniciada em fevereiro para o p\u00fablico priorit\u00e1rio no estado.<\/p>\n<h2>Tratamento<\/h2>\n<p>Em caso de suspeita de dengue, a m\u00e9dica pontua que o ideal \u00e9 ir at\u00e9 \u00e1 unidade de sa\u00fade mais pr\u00f3xima para confirmar. <\/p>\n<p>\u201cA dengue, nas formas mais leves em adultos sem comorbidades, pode ser tratada ambulatorialmente em casa acompanhada pelo m\u00e9dico do posto de sa\u00fade. Ele vai saber seguir os protocolos e encaminhar os pacientes de maior risco para os atendimentos secund\u00e1rios\u201d, informa.<\/p>\n<h2>Chikungunya<\/h2>\n<p>A<em> chikungunya <\/em>\u00e9 uma doen\u00e7a tamb\u00e9m transmitida por meio do<em> Aedes Aegypt<\/em>i, causando febre, dores intensas nas articula\u00e7\u00f5es e outras dores no corpo.<\/p>\n<p>At\u00e9 o momento, foram notificados 4.353 casos prov\u00e1veis de<em> chikungunya<\/em>, 3.067 casos confirmados da doen\u00e7a, duas mortes em investiga\u00e7\u00e3o e uma morte confirmada.<\/p>\n<p><strong>Leia mais:<\/strong><\/p>\n<\/p>\n<div class=\"share-buttons11 share-buttons11--gray\" style=\"text-align: center;text-align: center;position: absolute;top: 0;left: 72px;\">\n<div class=\"share-buttons__container11 share-buttons__container11--gray\" style=\"display: flex; flex-direction: column; align-items: center; gap: 10px;\"><a class=\"share-buttons__link share-buttons__link--gray\" data-action=\"share\/whatsapp\/share\" href=\"whatsapp:\/\/send?text= https:\/\/brasil61.com\/n\/minas-gerais-registrou-mais-de-327-mil-casos-de-dengue-em-2023-bras2410771\" style=\"background-color: #25D366; border-radius: 50%; width: 50px; height: 50px; display: flex; align-items: center; justify-content: center;\"><svg xmlns=\"http:\/\/www.w3.org\/2000\/svg\" xmlns:v=\"https:\/\/vecta.io\/nano\" fill=\"currentColor\" style=\"width: 24px; height: 24px;\"><path fill-rule=\"evenodd\" d=\"M.93 11.809C.911 5.684 5.773.589 11.936.299c6.773-.321 12.343 5.14 12.132 11.844-.196 6.25-5.447 11.215-11.746 11.119a11.58 11.58 0 0 1-4.972-1.198l-5.843 1.374a.45.45 0 0 1-.417-.113.45.45 0 0 1-.129-.413l1.228-5.921A11.37 11.37 0 0 1 .93 11.809zm14.941 1.818l2.241.638v-.001a.83.83 0 0 1 .55.503.83.83 0 0 1 .05.38c-.013.129-.057.253-.127.362-.437.686-1.134 1.525-2.004 1.734-1.533.37-3.891.009-6.833-2.717-2.547-2.361-3.22-4.326-3.061-5.885.09-.886.832-1.683 1.458-2.209a.84.84 0 0 1 .727-.176.84.84 0 0 1 .579.474l.942 2.118c.061.137.083.288.065.436s-.076.289-.168.407l-.478.615a.8.8 0 0 0-.17.439.81.81 0 0 0 .105.459c.57.986 2.8 2.954 3.86 3.38a.82.82 0 0 0 .888-.186l.548-.555a.84.84 0 0 1 .828-.216z\" fill=\"currentColor\"><\/path><\/svg><br \/>\n<\/a><a class=\"share-buttons__link share-buttons__link--gray\" href=\"http:\/\/www.facebook.com\/sharer.php?u=https:\/\/brasil61.com\/n\/minas-gerais-registrou-mais-de-327-mil-casos-de-dengue-em-2023-bras2410771\n<\/p>\n<input type=\"hidden\" id=\"baseurl\" value=\"https:\/\/noticiasdestaque.com.br\"><input type=\"hidden\" id=\"audio_nonce\" value=\"6f73a554f1\">","protected":false},"excerpt":{"rendered":"<p>At\u00e9 o momento, 600 munic\u00edpios de Minas Gerais apresentaram casos de dengue, com destaque para a regi\u00e3o central do estado<\/p>\n","protected":false},"author":1,"featured_media":12286,"comment_status":"open","ping_status":"open","sticky":false,"template":"","format":"standard","meta":{"fifu_image_url":"","fifu_image_alt":"","footnotes":""},"categories":[1],"tags":[112],"class_list":["post-12284","post","type-post","status-publish","format-standard","has-post-thumbnail","hentry","category-uncategorized","tag-energreener"],"distributor_meta":false,"distributor_terms":false,"distributor_media":false,"distributor_original_site_name":"Noticias em Destaque","distributor_original_site_url":"https:\/\/noticiasdestaque.com.br","push-errors":false,"_links":{"self":[{"href":"https:\/\/noticiasdestaque.com.br\/index.php\/wp-json\/wp\/v2\/posts\/12284","targetHints":{"allow":["GET"]}}],"collection":[{"href":"https:\/\/noticiasdestaque.com.br\/index.php\/wp-json\/wp\/v2\/posts"}],"about":[{"href":"https:\/\/noticiasdestaque.com.br\/index.php\/wp-json\/wp\/v2\/types\/post"}],"author":[{"embeddable":true,"href":"https:\/\/noticiasdestaque.com.br\/index.php\/wp-json\/wp\/v2\/users\/1"}],"replies":[{"embeddable":true,"href":"https:\/\/noticiasdestaque.com.br\/index.php\/wp-json\/wp\/v2\/comments?post=12284"}],"version-history":[{"count":1,"href":"https:\/\/noticiasdestaque.com.br\/index.php\/wp-json\/wp\/v2\/posts\/12284\/revisions"}],"predecessor-version":[{"id":12285,"href":"https:\/\/noticiasdestaque.com.br\/index.php\/wp-json\/wp\/v2\/posts\/12284\/revisions\/12285"}],"wp:featuredmedia":[{"embeddable":true,"href":"https:\/\/noticiasdestaque.com.br\/index.php\/wp-json\/wp\/v2\/media\/12286"}],"wp:attachment":[{"href":"https:\/\/noticiasdestaque.com.br\/index.php\/wp-json\/wp\/v2\/media?parent=12284"}],"wp:term":[{"taxonomy":"category","embeddable":true,"href":"https:\/\/noticiasdestaque.com.br\/index.php\/wp-json\/wp\/v2\/categories?post=12284"},{"taxonomy":"post_tag","embeddable":true,"href":"https:\/\/noticiasdestaque.com.br\/index.php\/wp-json\/wp\/v2\/tags?post=12284"}],"curies":[{"name":"wp","href":"https:\/\/api.w.org\/{rel}","templated":true}]}}