{"id":12086,"date":"2024-01-22T02:58:00","date_gmt":"2024-01-22T02:58:00","guid":{"rendered":"https:\/\/noticiasdestaque.com.br\/index.php\/2024\/01\/22\/minas-gerais-produziu-milhoes-de-quilos-de-algodao-pluma-aponta-abrapa\/"},"modified":"2024-01-22T02:58:00","modified_gmt":"2024-01-22T02:58:00","slug":"minas-gerais-produziu-milhoes-de-quilos-de-algodao-pluma-aponta-abrapa","status":"publish","type":"post","link":"https:\/\/noticiasdestaque.com.br\/index.php\/2024\/01\/22\/minas-gerais-produziu-milhoes-de-quilos-de-algodao-pluma-aponta-abrapa\/","title":{"rendered":"Minas Gerais produziu 47,7 milh\u00f5es de quilos de algod\u00e3o pluma; aponta Abrapa"},"content":{"rendered":"<p>Na safra 2022\/2023, Minas Gerais alcan\u00e7ou a produ\u00e7\u00e3o de 47,7 milh\u00f5es de quilos de algod\u00e3o pluma, atingindo a m\u00e9dia de 2.045 kg por hectare. As informa\u00e7\u00f5es foram divulgadas pela  Associa\u00e7\u00e3o Brasileira de Produtores de Algod\u00e3o (Abrapa).<\/p>\n<p>O economista C\u00e9sar Bergo aponta que o setor agropecu\u00e1rio mineiro tem um destaque \u201cespecial\u201d na economia nacional, al\u00e9m de representar mais de 20% do Produto Interno Bruto (PIB) do estado.<\/p>\n<p>Para o economista, empresas de capta\u00e7\u00e3o t\u00e9cnica como a Empresa de Assist\u00eancia T\u00e9cnica e Extens\u00e3o Rural do Estado de Minas Gerais (Emater-MG), contribu\u00edram para esse resultado. \u201cEsse detalhe de aumento de produtividade \u00e9 fundamental, porque a qualidade do algod\u00e3o tamb\u00e9m \u00e9 not\u00e1vel \u00e9 reconhecida. Ent\u00e3o trabalha na produtividade e na qualidade, isso acaba colocando no mercado um algod\u00e3o de qualidade, gerando renda e emprego nesse setor\u201d, destaca.<\/p>\n<p>Bergo explica que em fun\u00e7\u00e3o da diversifica\u00e7\u00e3o da produ\u00e7\u00e3o agr\u00edcola em Minas Gerais, o algod\u00e3o ocupa uma posi\u00e7\u00e3o fundamental na produ\u00e7\u00e3o do pa\u00eds, suprindo cadeias produtivas da cultura, sobretudo a ind\u00fastria t\u00eaxtil.<\/p>\n<p>Al\u00e9m disso, o economista afirma que a perspectiva \u00e9 de aumento da safra e da produtividade, e que isso \u00e9 \u201cimportante\u201d para o estado, j\u00e1 que apresenta um destaque nas exporta\u00e7\u00f5es do produto e para suprimento do mercado interno.<\/p>\n<p>O noroeste de Minas \u00e9 a regi\u00e3o que mais se destaca com a produ\u00e7\u00e3o de algod\u00e3o, seguida pelo Tri\u00e2ngulo Mineiro; aponta o Instituto Brasileiro de Geografia e Estat\u00edstica (IBGE). Entre os munic\u00edpios mineiros, alguns munic\u00edpios que se destacam na produ\u00e7\u00e3o de algod\u00e3o s\u00e3o Coromandel, Una\u00ed, S\u00e3o Rom\u00e3o, Presidente Oleg\u00e1rio e Brasil\u00e2ndia de Minas.<\/p>\n<h2>Proalminas<\/h2>\n<p>Criado em 2003, o Programa Mineiro de Incentivo \u00e0 Cultura do Algod\u00e3o (Proalminas) \u2014 da Secretaria de Agricultura, Pecu\u00e1ria e Abastecimento (Seapa) \u2014 concede isen\u00e7\u00e3o de imposto \u00e0 ind\u00fastria, mediante o compromisso de adquirir uma cota de algod\u00e3o de produtores mineiros. Segundo o governo do estado, a cada real de incentivo fiscal do governo, estima-se um retorno de R$ 1,42 para a economia de Minas.<\/p>\n<p>Em 2003, a produ\u00e7\u00e3o de algod\u00e3o foi de 85,5 mil toneladas. A estimativa para a safra 2023\/2024 \u00e9 de 133,4 mil toneladas. A colheita em 2024 est\u00e1 programada para iniciar em maio, com encerramento em agosto.<\/p>\n<p><strong>Leia mais:<\/strong><\/p>\n<\/p>\n<p> Fonte: Brasil61<\/p>\n<input type=\"hidden\" id=\"baseurl\" value=\"https:\/\/noticiasdestaque.com.br\"><input type=\"hidden\" id=\"audio_nonce\" value=\"eb7638fb71\">","protected":false},"excerpt":{"rendered":"<p>Especialista aponta como isso impacta na economia do estado<\/p>\n","protected":false},"author":1,"featured_media":12088,"comment_status":"open","ping_status":"open","sticky":false,"template":"","format":"standard","meta":{"fifu_image_url":"","fifu_image_alt":"","footnotes":""},"categories":[1],"tags":[107],"class_list":["post-12086","post","type-post","status-publish","format-standard","has-post-thumbnail","hentry","category-uncategorized","tag-closer-vendedor-milionario"],"distributor_meta":false,"distributor_terms":false,"distributor_media":false,"distributor_original_site_name":"Noticias em Destaque","distributor_original_site_url":"https:\/\/noticiasdestaque.com.br","push-errors":false,"_links":{"self":[{"href":"https:\/\/noticiasdestaque.com.br\/index.php\/wp-json\/wp\/v2\/posts\/12086","targetHints":{"allow":["GET"]}}],"collection":[{"href":"https:\/\/noticiasdestaque.com.br\/index.php\/wp-json\/wp\/v2\/posts"}],"about":[{"href":"https:\/\/noticiasdestaque.com.br\/index.php\/wp-json\/wp\/v2\/types\/post"}],"author":[{"embeddable":true,"href":"https:\/\/noticiasdestaque.com.br\/index.php\/wp-json\/wp\/v2\/users\/1"}],"replies":[{"embeddable":true,"href":"https:\/\/noticiasdestaque.com.br\/index.php\/wp-json\/wp\/v2\/comments?post=12086"}],"version-history":[{"count":1,"href":"https:\/\/noticiasdestaque.com.br\/index.php\/wp-json\/wp\/v2\/posts\/12086\/revisions"}],"predecessor-version":[{"id":12087,"href":"https:\/\/noticiasdestaque.com.br\/index.php\/wp-json\/wp\/v2\/posts\/12086\/revisions\/12087"}],"wp:featuredmedia":[{"embeddable":true,"href":"https:\/\/noticiasdestaque.com.br\/index.php\/wp-json\/wp\/v2\/media\/12088"}],"wp:attachment":[{"href":"https:\/\/noticiasdestaque.com.br\/index.php\/wp-json\/wp\/v2\/media?parent=12086"}],"wp:term":[{"taxonomy":"category","embeddable":true,"href":"https:\/\/noticiasdestaque.com.br\/index.php\/wp-json\/wp\/v2\/categories?post=12086"},{"taxonomy":"post_tag","embeddable":true,"href":"https:\/\/noticiasdestaque.com.br\/index.php\/wp-json\/wp\/v2\/tags?post=12086"}],"curies":[{"name":"wp","href":"https:\/\/api.w.org\/{rel}","templated":true}]}}