{"id":12080,"date":"2024-01-21T23:58:00","date_gmt":"2024-01-21T23:58:00","guid":{"rendered":"https:\/\/noticiasdestaque.com.br\/index.php\/2024\/01\/21\/previsao-do-tempo-sol-entre-nuvens-nesta-segunda-feira-no-sul\/"},"modified":"2024-01-21T23:58:00","modified_gmt":"2024-01-21T23:58:00","slug":"previsao-do-tempo-sol-entre-nuvens-nesta-segunda-feira-no-sul","status":"publish","type":"post","link":"https:\/\/noticiasdestaque.com.br\/index.php\/2024\/01\/21\/previsao-do-tempo-sol-entre-nuvens-nesta-segunda-feira-no-sul\/","title":{"rendered":"PREVIS\u00c3O DO TEMPO: Sol entre nuvens nesta segunda-feira (22) no Sul"},"content":{"rendered":"<p>A segunda-feira (22) amanhece com sol entre nuvens em quase toda a regi\u00e3o Sul, com exce\u00e7\u00e3o do noroeste paranaense, onde h\u00e1 previs\u00e3o de pancadas de chuva isoladas, e da regi\u00e3o metropolitana de Curitiba, que tem possibilidade de chuva. <\/p>\n<p>Durante a tarde e \u00e0 noite, a chuva se estende de forma isolada para munic\u00edpios localizados nas microrregi\u00f5es de S\u00e3o Miguel do Oeste, Joinville, Santa Rosa, Tr\u00eas Passos e Frederico Westphalen.<\/p>\n<p>O Inmet alerta para perigo de chuva entre 30 e 60 mm\/h ou entre 50 e 100 mm\/dia, com ventos intensos de 60 a 100 km\/h. As \u00e1reas sob alerta s\u00e3o a Grande Florian\u00f3polis, sul catarinense, Serrana, noroeste e norte central paranaense. Munic\u00edpios como Paranava\u00ed (PR) e Alfredo Wagner (SC) devem ficar vigilantes.<\/p>\n<p>Andrea Ramos, meteorologista do Inmet, indica que toda a regi\u00e3o Sul est\u00e1 sob a influ\u00eancia da atua\u00e7\u00e3o de um anticiclone. \u201cVai favorecer umas chuvas mais isoladas ali no norte ou mesmo em alguns pontos do Paran\u00e1, mas ainda assim com volumes n\u00e3o muito significativos. O restante da regi\u00e3o tende a ter tempo mais aberto, com pouca nebulosidade e poucas chances de chuva\u201d, explica.<\/p>\n<p>Segundo o instituto, na Regi\u00e3o Sul, durante a semana, espera-se acumulados de chuva maiores que 60 mm. H\u00e1 previs\u00e3o de menores acumulados na faixa oeste do Rio Grande do Sul e de Santa Catarina.<\/p>\n<p>A temperatura m\u00ednima fica em torno de 9\u00b0C, no munic\u00edpio de Bom Jardim da Serra, em Santa Catarina, e a m\u00e1xima prevista \u00e9 de 31\u00baC, em S\u00e3o Borja, no Rio Grande do Sul. A umidade relativa do ar varia entre 50% e 95%.<\/p>\n<p>As informa\u00e7\u00f5es s\u00e3o do Instituto Nacional de Meteorologia.\n <\/p>\n<p> Fonte: Brasil61<\/p>\n<input type=\"hidden\" id=\"baseurl\" value=\"https:\/\/noticiasdestaque.com.br\"><input type=\"hidden\" id=\"audio_nonce\" value=\"eb7638fb71\">","protected":false},"excerpt":{"rendered":"<p>Temperatura pode variar entre 9\u00baC e 31\u00baC<\/p>\n","protected":false},"author":1,"featured_media":12082,"comment_status":"open","ping_status":"open","sticky":false,"template":"","format":"standard","meta":{"fifu_image_url":"","fifu_image_alt":"","footnotes":""},"categories":[1],"tags":[],"class_list":["post-12080","post","type-post","status-publish","format-standard","has-post-thumbnail","hentry","category-uncategorized"],"distributor_meta":false,"distributor_terms":false,"distributor_media":false,"distributor_original_site_name":"Noticias em Destaque","distributor_original_site_url":"https:\/\/noticiasdestaque.com.br","push-errors":false,"_links":{"self":[{"href":"https:\/\/noticiasdestaque.com.br\/index.php\/wp-json\/wp\/v2\/posts\/12080","targetHints":{"allow":["GET"]}}],"collection":[{"href":"https:\/\/noticiasdestaque.com.br\/index.php\/wp-json\/wp\/v2\/posts"}],"about":[{"href":"https:\/\/noticiasdestaque.com.br\/index.php\/wp-json\/wp\/v2\/types\/post"}],"author":[{"embeddable":true,"href":"https:\/\/noticiasdestaque.com.br\/index.php\/wp-json\/wp\/v2\/users\/1"}],"replies":[{"embeddable":true,"href":"https:\/\/noticiasdestaque.com.br\/index.php\/wp-json\/wp\/v2\/comments?post=12080"}],"version-history":[{"count":1,"href":"https:\/\/noticiasdestaque.com.br\/index.php\/wp-json\/wp\/v2\/posts\/12080\/revisions"}],"predecessor-version":[{"id":12081,"href":"https:\/\/noticiasdestaque.com.br\/index.php\/wp-json\/wp\/v2\/posts\/12080\/revisions\/12081"}],"wp:featuredmedia":[{"embeddable":true,"href":"https:\/\/noticiasdestaque.com.br\/index.php\/wp-json\/wp\/v2\/media\/12082"}],"wp:attachment":[{"href":"https:\/\/noticiasdestaque.com.br\/index.php\/wp-json\/wp\/v2\/media?parent=12080"}],"wp:term":[{"taxonomy":"category","embeddable":true,"href":"https:\/\/noticiasdestaque.com.br\/index.php\/wp-json\/wp\/v2\/categories?post=12080"},{"taxonomy":"post_tag","embeddable":true,"href":"https:\/\/noticiasdestaque.com.br\/index.php\/wp-json\/wp\/v2\/tags?post=12080"}],"curies":[{"name":"wp","href":"https:\/\/api.w.org\/{rel}","templated":true}]}}