{"id":12074,"date":"2024-01-19T15:36:00","date_gmt":"2024-01-19T15:36:00","guid":{"rendered":"https:\/\/noticiasdestaque.com.br\/index.php\/2024\/01\/19\/ex-flamengo-athirson-assume-secretaria-no-ministerio-do-esporte\/"},"modified":"2024-01-19T15:36:00","modified_gmt":"2024-01-19T15:36:00","slug":"ex-flamengo-athirson-assume-secretaria-no-ministerio-do-esporte","status":"publish","type":"post","link":"https:\/\/noticiasdestaque.com.br\/index.php\/2024\/01\/19\/ex-flamengo-athirson-assume-secretaria-no-ministerio-do-esporte\/","title":{"rendered":"Ex-Flamengo, Athirson assume Secretaria no Minist\u00e9rio do Esporte"},"content":{"rendered":"<style> bloco.meta {font-style: italic; color: #666;font-weight: 600;font-size: .8em; \/* line-height: .3em; *\/}  text h2 { font-weight: 700 !important;  color: #062f46 !important;} text img { width: none; left: none;}<\/style>\n<\/p>\n<p>Ex-jogador do Flamengo, entre v\u00e1rios outros clubes, Athirson Mazzoli assumiu a Secretaria Nacional de Futebol e Defesa dos Direitos do Torcedor, do Minist\u00e9rio do Esporte. Pelas redes sociais, o ministro Andr\u00e9 Fufuca deu boas vindas ao lateral-esquerdo que teve sua grande fase no futebol entre as d\u00e9cadas de 1990 e 2000.<aimg src=\"https:\/\/aagenciabrasil.ebc.com.br\/ebc.apng?id=1576778 o=node\" style=\"width:1px; height:1px; display:inline;\"><\/aimg><aimg src=\"https:\/\/aagenciabrasil.ebc.com.br\/ebc.agif?id=1576778 o=node\" style=\"width:1px; height:1px; display:inline;\"><\/aimg><\/p>\n<p>\u201cAvan\u00e7aremos juntos com empenho e dedica\u00e7\u00e3o nesta miss\u00e3o\u201d, disse Fufuca nesta quarta-feira (17). Pelo site do minist\u00e9rio, Athirson declarou ser \u201cuma grande honra\u201d assumir o cargo. \u201c\u00c9 uma grande honra poder desempenhar um papel t\u00e3o importante dentro do futebol brasileiro, e ao mesmo tempo um grande desafio para minha carreira.\u201d<\/p>\n<p>A miss\u00e3o da secretaria \u00e9 fortalecer o futebol como instrumento fundamental de cidadania, inclus\u00e3o social e de fortalecimento da identidade nacional. Ela elabora, acompanha e implementa pol\u00edticas p\u00fablicas para o futebol amador e profissional, masculino e feminino.<\/p>\n<p>\u201cAcredito que minhas experi\u00eancias dentro do futebol nacional e internacional me trouxeram at\u00e9 aqui, agora \u00e9 a hora de contribuir para o fortalecimento do futebol brasileiro, empenhando todo o meu conhecimento e pr\u00e1tica adquiridos. O futebol transformou a minha vida, e acredito que pode transformar a vida de muitos meninos e meninas. Vou trabalhar com o ministro Andr\u00e9 Fufuca, para que juntos possamos dar oportunidade a todos que sonham em um dia ser um profissional do futebol\u201d, disse o secret\u00e1rio.<\/p>\n<p>Athirson, 47, iniciou sua carreira no futebol profissional como lateral-esquerdo do Flamengo, em 1996. No clube carioca, fez 253 jogos, divididos em duas passagens. Jogou tamb\u00e9m em uma s\u00e9rie de outros clubes, como Santos, Juventus (It\u00e1lia), Bayer Leverkusen (Alemanha) e Botafogo. Vestiu a camisa da sele\u00e7\u00e3o brasileira em cinco oportunidades, de 1999 a 2003. Ap\u00f3s encerrar a carreira como jogador, foi t\u00e9cnico e comentarista de futebol em canais de televis\u00e3o.<\/p>\n<p class=\"alt-font font-italic my-2 small text-info\">\n                                                Edi\u00e7\u00e3o:   Marcelo Brand\u00e3o                    <\/p>\n<p>            <!-- blog End --><\/p>\n<p>            <!-- tag and share --><\/p>\n<p> Fonte: EBC <\/p>\n<input type=\"hidden\" id=\"baseurl\" value=\"https:\/\/noticiasdestaque.com.br\"><input type=\"hidden\" id=\"audio_nonce\" value=\"eb7638fb71\">","protected":false},"excerpt":{"rendered":"<p>Ele assume a Secretaria de Futebol e Defesa dos Direitos do Torcedor<\/p>\n","protected":false},"author":1,"featured_media":12076,"comment_status":"open","ping_status":"open","sticky":false,"template":"","format":"standard","meta":{"fifu_image_url":"","fifu_image_alt":"","footnotes":""},"categories":[1],"tags":[],"class_list":["post-12074","post","type-post","status-publish","format-standard","has-post-thumbnail","hentry","category-uncategorized"],"distributor_meta":false,"distributor_terms":false,"distributor_media":false,"distributor_original_site_name":"Noticias em Destaque","distributor_original_site_url":"https:\/\/noticiasdestaque.com.br","push-errors":false,"_links":{"self":[{"href":"https:\/\/noticiasdestaque.com.br\/index.php\/wp-json\/wp\/v2\/posts\/12074","targetHints":{"allow":["GET"]}}],"collection":[{"href":"https:\/\/noticiasdestaque.com.br\/index.php\/wp-json\/wp\/v2\/posts"}],"about":[{"href":"https:\/\/noticiasdestaque.com.br\/index.php\/wp-json\/wp\/v2\/types\/post"}],"author":[{"embeddable":true,"href":"https:\/\/noticiasdestaque.com.br\/index.php\/wp-json\/wp\/v2\/users\/1"}],"replies":[{"embeddable":true,"href":"https:\/\/noticiasdestaque.com.br\/index.php\/wp-json\/wp\/v2\/comments?post=12074"}],"version-history":[{"count":1,"href":"https:\/\/noticiasdestaque.com.br\/index.php\/wp-json\/wp\/v2\/posts\/12074\/revisions"}],"predecessor-version":[{"id":12075,"href":"https:\/\/noticiasdestaque.com.br\/index.php\/wp-json\/wp\/v2\/posts\/12074\/revisions\/12075"}],"wp:featuredmedia":[{"embeddable":true,"href":"https:\/\/noticiasdestaque.com.br\/index.php\/wp-json\/wp\/v2\/media\/12076"}],"wp:attachment":[{"href":"https:\/\/noticiasdestaque.com.br\/index.php\/wp-json\/wp\/v2\/media?parent=12074"}],"wp:term":[{"taxonomy":"category","embeddable":true,"href":"https:\/\/noticiasdestaque.com.br\/index.php\/wp-json\/wp\/v2\/categories?post=12074"},{"taxonomy":"post_tag","embeddable":true,"href":"https:\/\/noticiasdestaque.com.br\/index.php\/wp-json\/wp\/v2\/tags?post=12074"}],"curies":[{"name":"wp","href":"https:\/\/api.w.org\/{rel}","templated":true}]}}