{"id":12071,"date":"2024-01-19T15:06:00","date_gmt":"2024-01-19T15:06:00","guid":{"rendered":"https:\/\/noticiasdestaque.com.br\/index.php\/2024\/01\/19\/lewandowski-convida-procurador-geral-de-sp-para-chefiar-senasp\/"},"modified":"2024-01-19T15:06:00","modified_gmt":"2024-01-19T15:06:00","slug":"lewandowski-convida-procurador-geral-de-sp-para-chefiar-senasp","status":"publish","type":"post","link":"https:\/\/noticiasdestaque.com.br\/index.php\/2024\/01\/19\/lewandowski-convida-procurador-geral-de-sp-para-chefiar-senasp\/","title":{"rendered":"Lewandowski convida procurador-geral de SP para chefiar Senasp"},"content":{"rendered":"<style> bloco.meta {font-style: italic; color: #666;font-weight: 600;font-size: .8em; \/* line-height: .3em; *\/}  text h2 { font-weight: 700 !important;  color: #062f46 !important;} text img { width: none; left: none;}<\/style>\n<\/p>\n<p>O futuro ministro da Justi\u00e7a, Ricardo Lewandowski, convidou o procurador-geral de Justi\u00e7a de S\u00e3o Paulo, Mario Sarrubbo, para assumir o comando da Secretaria Nacional de Seguran\u00e7a P\u00fablica (Senasp).<aimg src=\"https:\/\/aagenciabrasil.ebc.com.br\/ebc.apng?id=1576779 o=node\" style=\"width:1px; height:1px; display:inline;\"><\/aimg><aimg src=\"https:\/\/aagenciabrasil.ebc.com.br\/ebc.agif?id=1576779 o=node\" style=\"width:1px; height:1px; display:inline;\"><\/aimg><\/p>\n<p>De acordo com o Minist\u00e9rio P\u00fablico de S\u00e3o Paulo, Sarrubbo aceitou o convite feito por Lewandowski. A data da sa\u00edda do procurador do cargo ainda n\u00e3o foi definida.<\/p>\n<p>O procurador-geral \u00e9 membro do Minist\u00e9rio P\u00fablico desde 1989, atuou na \u00e1rea de pol\u00edticas criminais do \u00f3rg\u00e3o e leciona direito penal em uma universidade da capital paulista. <\/p>\n<p>Mario Sarrubbo \u00e9 mais um nome que vai compor a equipe de Lewandowski, anunciado na semana passada pelo presidente Luiz In\u00e1cio Lula da Silva para assumir a cadeira de Fl\u00e1vio Dino, atual ministro, no Minist\u00e9rio da Justi\u00e7a e Seguran\u00e7a P\u00fablica. <a href=\"https:\/\/agenciabrasil.ebc.com.br\/justica\/noticia\/2023-12\/posse-de-flavio-dino-no-supremo-deve-ser-em-22-de-fevereiro\" target=\"_blank\">Dino ser\u00e1 empossado<\/a> no Supremo Tribunal Federal no dia 22 de fevereiro. <a href=\"https:\/\/agenciabrasil.ebc.com.br\/politica\/noticia\/2024-01\/saiba-quem-sera-o-novo-ministro-da-justica-e-seguranca-publica\" target=\"_blank\">Lewandowski<\/a> tomar\u00e1 posse no dia 1\u00b0 de fevereiro.<\/p>\n<p>Al\u00e9m de Sarrubbo, outro membro da equipe do novo ministro ser\u00e1 o advogado Manoel Carlos de Almeida Neto, que vai ocupar o cargo de secret\u00e1rio-executivo da pasta no lugar de Ricardo Cappelli. <\/p>\n<p>Lewandowski foi ministro do Supremo entre 2006 e 2023, indicado durante o primeiro mandato de Lula. Ele deixou a Corte em abril do ano passado ao completar 75 anos, idade para aposentadoria compuls\u00f3ria.<\/p>\n<p class=\"alt-font font-italic my-2 small text-info\">\n                                                Edi\u00e7\u00e3o:   Aline Leal                    <\/p>\n<p>            <!-- blog End --><\/p>\n<p>            <!-- tag and share --><\/p>\n<p> Fonte: EBC <\/p>\n<input type=\"hidden\" id=\"baseurl\" value=\"https:\/\/noticiasdestaque.com.br\"><input type=\"hidden\" id=\"audio_nonce\" value=\"62ca87eee3\">","protected":false},"excerpt":{"rendered":"<p>Mario Sarrubbo \u00e9 membro do MP desde 1989 e leciona em universidade<\/p>\n","protected":false},"author":1,"featured_media":12073,"comment_status":"open","ping_status":"open","sticky":false,"template":"","format":"standard","meta":{"fifu_image_url":"","fifu_image_alt":"","footnotes":""},"categories":[1],"tags":[106],"class_list":["post-12071","post","type-post","status-publish","format-standard","has-post-thumbnail","hentry","category-uncategorized","tag-brunna-pareja"],"distributor_meta":false,"distributor_terms":false,"distributor_media":false,"distributor_original_site_name":"Noticias em Destaque","distributor_original_site_url":"https:\/\/noticiasdestaque.com.br","push-errors":false,"_links":{"self":[{"href":"https:\/\/noticiasdestaque.com.br\/index.php\/wp-json\/wp\/v2\/posts\/12071","targetHints":{"allow":["GET"]}}],"collection":[{"href":"https:\/\/noticiasdestaque.com.br\/index.php\/wp-json\/wp\/v2\/posts"}],"about":[{"href":"https:\/\/noticiasdestaque.com.br\/index.php\/wp-json\/wp\/v2\/types\/post"}],"author":[{"embeddable":true,"href":"https:\/\/noticiasdestaque.com.br\/index.php\/wp-json\/wp\/v2\/users\/1"}],"replies":[{"embeddable":true,"href":"https:\/\/noticiasdestaque.com.br\/index.php\/wp-json\/wp\/v2\/comments?post=12071"}],"version-history":[{"count":1,"href":"https:\/\/noticiasdestaque.com.br\/index.php\/wp-json\/wp\/v2\/posts\/12071\/revisions"}],"predecessor-version":[{"id":12072,"href":"https:\/\/noticiasdestaque.com.br\/index.php\/wp-json\/wp\/v2\/posts\/12071\/revisions\/12072"}],"wp:featuredmedia":[{"embeddable":true,"href":"https:\/\/noticiasdestaque.com.br\/index.php\/wp-json\/wp\/v2\/media\/12073"}],"wp:attachment":[{"href":"https:\/\/noticiasdestaque.com.br\/index.php\/wp-json\/wp\/v2\/media?parent=12071"}],"wp:term":[{"taxonomy":"category","embeddable":true,"href":"https:\/\/noticiasdestaque.com.br\/index.php\/wp-json\/wp\/v2\/categories?post=12071"},{"taxonomy":"post_tag","embeddable":true,"href":"https:\/\/noticiasdestaque.com.br\/index.php\/wp-json\/wp\/v2\/tags?post=12071"}],"curies":[{"name":"wp","href":"https:\/\/api.w.org\/{rel}","templated":true}]}}