{"id":12068,"date":"2024-01-19T11:06:00","date_gmt":"2024-01-19T11:06:00","guid":{"rendered":"https:\/\/noticiasdestaque.com.br\/index.php\/2024\/01\/19\/passe-livre-faz-manifestacao-em-sao-paulo-contra-aumento-da-tarifa\/"},"modified":"2024-01-19T11:06:00","modified_gmt":"2024-01-19T11:06:00","slug":"passe-livre-faz-manifestacao-em-sao-paulo-contra-aumento-da-tarifa","status":"publish","type":"post","link":"https:\/\/noticiasdestaque.com.br\/index.php\/2024\/01\/19\/passe-livre-faz-manifestacao-em-sao-paulo-contra-aumento-da-tarifa\/","title":{"rendered":"Passe Livre faz manifesta\u00e7\u00e3o em S\u00e3o Paulo contra aumento da tarifa"},"content":{"rendered":"<style> bloco.meta {font-style: italic; color: #666;font-weight: 600;font-size: .8em; \/* line-height: .3em; *\/}  text h2 { font-weight: 700 !important;  color: #062f46 !important;} text img { width: none; left: none;}<\/style>\n<\/p>\n<p>O Movimento Passe Livre (MPL) voltou a fazer uma manifesta\u00e7\u00e3o na noite desta quinta-feira (18) contra o aumento do pre\u00e7o da passagem de trens e metr\u00f4s no estado de S\u00e3o Paulo. Os manifestantes protestaram ainda contra a privatiza\u00e7\u00e3o de linhas do sistema de transporte estadual.<aimg src=\"https:\/\/aagenciabrasil.ebc.com.br\/ebc.apng?id=1576957 o=node\" style=\"width:1px; height:1px; display:inline;\"><\/aimg><aimg src=\"https:\/\/aagenciabrasil.ebc.com.br\/ebc.agif?id=1576957 o=node\" style=\"width:1px; height:1px; display:inline;\"><\/aimg><\/p>\n<p>A tarifa do transporte sobre trilhos, de responsabilidade do governo estadual, subiu em 1\u00ba de janeiro de R$ 4,40 para R$ 5. J\u00e1 o valor do bilhete nos \u00f4nibus na capital paulista, administrados pela prefeitura, n\u00e3o teve acr\u00e9scimo.<\/p>\n<p>\u201cEsse aumento para cinco reais \u00e9 um absurdo. Na verdade, qualquer tarifa no transporte \u00e9 um absurdo, pensando que transporte \u00e9 um direito social b\u00e1sico, um direito social que faz com que a gente acesse outros direitos, como educa\u00e7\u00e3o, sa\u00fade, lazer, e cultura\u201d, destacou Gel Andrade, do MPL.<\/p>\n<p> nd-widget-wrapper context-medio_4colunas type-image atom-align-right&#8221;<\/p>\n<input type=\"hidden\" id=\"baseurl\" value=\"https:\/\/noticiasdestaque.com.br\"><input type=\"hidden\" id=\"audio_nonce\" value=\"62ca87eee3\">","protected":false},"excerpt":{"rendered":"<p>Passagem de trem e metr\u00f4 aumentou de R$ 4,40 para R$ 5<\/p>\n","protected":false},"author":1,"featured_media":12070,"comment_status":"open","ping_status":"open","sticky":false,"template":"","format":"standard","meta":{"fifu_image_url":"","fifu_image_alt":"","footnotes":""},"categories":[1],"tags":[106],"class_list":["post-12068","post","type-post","status-publish","format-standard","has-post-thumbnail","hentry","category-uncategorized","tag-brunna-pareja"],"distributor_meta":false,"distributor_terms":false,"distributor_media":false,"distributor_original_site_name":"Noticias em Destaque","distributor_original_site_url":"https:\/\/noticiasdestaque.com.br","push-errors":false,"_links":{"self":[{"href":"https:\/\/noticiasdestaque.com.br\/index.php\/wp-json\/wp\/v2\/posts\/12068","targetHints":{"allow":["GET"]}}],"collection":[{"href":"https:\/\/noticiasdestaque.com.br\/index.php\/wp-json\/wp\/v2\/posts"}],"about":[{"href":"https:\/\/noticiasdestaque.com.br\/index.php\/wp-json\/wp\/v2\/types\/post"}],"author":[{"embeddable":true,"href":"https:\/\/noticiasdestaque.com.br\/index.php\/wp-json\/wp\/v2\/users\/1"}],"replies":[{"embeddable":true,"href":"https:\/\/noticiasdestaque.com.br\/index.php\/wp-json\/wp\/v2\/comments?post=12068"}],"version-history":[{"count":1,"href":"https:\/\/noticiasdestaque.com.br\/index.php\/wp-json\/wp\/v2\/posts\/12068\/revisions"}],"predecessor-version":[{"id":12069,"href":"https:\/\/noticiasdestaque.com.br\/index.php\/wp-json\/wp\/v2\/posts\/12068\/revisions\/12069"}],"wp:featuredmedia":[{"embeddable":true,"href":"https:\/\/noticiasdestaque.com.br\/index.php\/wp-json\/wp\/v2\/media\/12070"}],"wp:attachment":[{"href":"https:\/\/noticiasdestaque.com.br\/index.php\/wp-json\/wp\/v2\/media?parent=12068"}],"wp:term":[{"taxonomy":"category","embeddable":true,"href":"https:\/\/noticiasdestaque.com.br\/index.php\/wp-json\/wp\/v2\/categories?post=12068"},{"taxonomy":"post_tag","embeddable":true,"href":"https:\/\/noticiasdestaque.com.br\/index.php\/wp-json\/wp\/v2\/tags?post=12068"}],"curies":[{"name":"wp","href":"https:\/\/api.w.org\/{rel}","templated":true}]}}