{"id":12038,"date":"2024-01-19T07:06:00","date_gmt":"2024-01-19T07:06:00","guid":{"rendered":"https:\/\/noticiasdestaque.com.br\/index.php\/2024\/01\/19\/atingida-por-fortes-chuvas-queimados-rj-obtem-reconhecimento-federal-de-situacao-de-emergencia\/"},"modified":"2024-01-19T07:06:00","modified_gmt":"2024-01-19T07:06:00","slug":"atingida-por-fortes-chuvas-queimados-rj-obtem-reconhecimento-federal-de-situacao-de-emergencia","status":"publish","type":"post","link":"https:\/\/noticiasdestaque.com.br\/index.php\/2024\/01\/19\/atingida-por-fortes-chuvas-queimados-rj-obtem-reconhecimento-federal-de-situacao-de-emergencia\/","title":{"rendered":"Atingida por fortes chuvas, Queimados (RJ) obt\u00e9m reconhecimento federal de situa\u00e7\u00e3o de emerg\u00eancia"},"content":{"rendered":"<p data-pm-slice=\"1 1 []\">O Minist\u00e9rio da Integra\u00e7\u00e3o e do Desenvolvimento Regional (MIDR), por meio da Defesa Civil Nacional, reconheceu nesta quinta-feira (18), de forma sum\u00e1ria, a situa\u00e7\u00e3o de emerg\u00eancia da cidade de <a data-tippreview-enabled=\"false\" data-tippreview-image=\"\" data-tippreview-title=\"\" href=\"https:\/\/www.in.gov.br\/web\/dou\/-\/portaria-n-288-de-18-de-janeiro-de-2024-538343310\" target=\"_blank\" title=\"\">Queimados, no Rio de Janeiro<\/a>. Com a medida, oito munic\u00edpios do estado atingidos por fortes chuvas nos \u00faltimos dias j\u00e1 tiveram o reconhecimento decretado pelo Governo Federal e podem solicitar recursos para ajuda humanit\u00e1ria, restabelecimento de servi\u00e7os essenciais e reconstru\u00e7\u00e3o de infraestruturas e moradias destru\u00eddas ou danificadas pelo desastre.<\/p>\n<p>Na segunda-feira (15), o MIDR reconheceu a situa\u00e7\u00e3o de emerg\u00eancia nas cidades do <a href=\"https:\/\/www.in.gov.br\/web\/dou\/-\/portaria-n-245-de-14-de-janeiro-de-2024-537574921\">Rio de Janeiro<\/a>, <a href=\"https:\/\/www.in.gov.br\/web\/dou\/-\/portaria-n-246-de-15-de-janeiro-de-2024-537575002\">Belford Roxo<\/a>, <a href=\"https:\/\/www.in.gov.br\/web\/dou\/-\/portaria-n-247-de-15-de-janeiro-de-2024-537575081\">Nova Igua\u00e7u<\/a> e <a href=\"https:\/\/www.in.gov.br\/web\/dou\/-\/portaria-n-249-de-15-de-janeiro-de-2024-537575166\">S\u00e3o Jo\u00e3o do Meriti<\/a> e, na ter\u00e7a-feira (16), dos munic\u00edpios de <a href=\"https:\/\/www.in.gov.br\/web\/dou\/-\/portaria-n-259-de-16-de-janeiro-de-2024-537811166\">Duque de Caxias<\/a>, <a href=\"https:\/\/www.in.gov.br\/web\/dou\/-\/portaria-n-265-de-16-de-janeiro-de-2024-537811326\">Nil\u00f3polis<\/a> e <a href=\"https:\/\/www.in.gov.br\/web\/dou\/-\/portaria-n-260-de-16-de-janeiro-de-2024-537811245\">Mesquita<\/a>. Outras quatro cidades fluminenses \u2013 S\u00e3o Gon\u00e7alo, Mag\u00e9, Japeri e Paracambi \u2013 devem ter os pedidos reconhecidos assim que enviarem os decretos municipais de reconhecimento de situa\u00e7\u00e3o de emerg\u00eancia.<\/p>\n<p>Na ter\u00e7a-feira (16), o ministro da Integra\u00e7\u00e3o e do Desenvolvimento Regional, Waldez G\u00f3es, liderou uma comitiva interministerial ao estado do Rio de Janeiro, onde se reuniu com o governador Cl\u00e1udio Castro, prefeitos e representantes das Defesas Civis estadual e municipais e visitou \u00e1reas atingidas pelo desastre. Na oportunidade, o ministro Waldez G\u00f3es destacou que o Governo Federal n\u00e3o medir\u00e1 esfor\u00e7os para ajudar a popula\u00e7\u00e3o fluminense.<\/p>\n<p>\u201cPor determina\u00e7\u00e3o do presidente Lula, faremos o que for necess\u00e1rio para atender \u00e0 popula\u00e7\u00e3o. O quanto for necess\u00e1rio n\u00f3s faremos\u201d, destacou Waldez G\u00f3es. \u201cAl\u00e9m dos recursos para a\u00e7\u00f5es de defesa civil, teremos participa\u00e7\u00e3o de outras Pastas. A Sa\u00fade, por exemplo, j\u00e1 est\u00e1 disponibilizando o kit sa\u00fade. E o Bolsa Fam\u00edlia j\u00e1 est\u00e1 sendo disponibilizado\u201d, completou.<\/p>\n<p>Durante a visita, Waldez G\u00f3es participou de reuni\u00e3o para tra\u00e7ar estrat\u00e9gias de atendimento \u00e0 popula\u00e7\u00e3o e anunciou o deslocamento de uma equipe t\u00e9cnica do MIDR \u00e0 Baixada Fluminense, para auxiliar na execu\u00e7\u00e3o dos planos de trabalho necess\u00e1rios para o recebimento de recursos para a\u00e7\u00f5es de defesa civil.<\/p>\n<h2>Capacita\u00e7\u00f5es da Defesa Civil Nacional<\/h2>\n<p>A Defesa Civil Nacional oferece uma s\u00e9rie de cursos a dist\u00e2ncia para habilitar e qualificar agentes municipais e estaduais para o uso do S2iD. As capacita\u00e7\u00f5es t\u00eam como foco os agentes de prote\u00e7\u00e3o e defesa civil nas tr\u00eas esferas de governo. Confira <a data-tippreview-enabled=\"false\" data-tippreview-image=\"\" data-tippreview-title=\"\" href=\"https:\/\/www.gov.br\/mdr\/pt-br\/assuntos\/protecao-e-defesa-civil\/capacitacoes\/cursos-em-andamento\" target=\"_blank\" title=\"\">neste link<\/a> a lista completa dos cursos.<\/p>\n<p> Fonte: Brasil61<\/p>\n<input type=\"hidden\" id=\"baseurl\" value=\"https:\/\/noticiasdestaque.com.br\"><input type=\"hidden\" id=\"audio_nonce\" value=\"62ca87eee3\">","protected":false},"excerpt":{"rendered":"<p>Com a medida, cidade est\u00e1 apta a solicitar recursos para atendimento \u00e0 popula\u00e7\u00e3o, restabelecimento de servi\u00e7os e reconstru\u00e7\u00e3o de infraestruturas e moradias<\/p>\n","protected":false},"author":1,"featured_media":12040,"comment_status":"open","ping_status":"open","sticky":false,"template":"","format":"standard","meta":{"fifu_image_url":"","fifu_image_alt":"","footnotes":""},"categories":[1],"tags":[106],"class_list":["post-12038","post","type-post","status-publish","format-standard","has-post-thumbnail","hentry","category-uncategorized","tag-brunna-pareja"],"distributor_meta":false,"distributor_terms":false,"distributor_media":false,"distributor_original_site_name":"Noticias em Destaque","distributor_original_site_url":"https:\/\/noticiasdestaque.com.br","push-errors":false,"_links":{"self":[{"href":"https:\/\/noticiasdestaque.com.br\/index.php\/wp-json\/wp\/v2\/posts\/12038","targetHints":{"allow":["GET"]}}],"collection":[{"href":"https:\/\/noticiasdestaque.com.br\/index.php\/wp-json\/wp\/v2\/posts"}],"about":[{"href":"https:\/\/noticiasdestaque.com.br\/index.php\/wp-json\/wp\/v2\/types\/post"}],"author":[{"embeddable":true,"href":"https:\/\/noticiasdestaque.com.br\/index.php\/wp-json\/wp\/v2\/users\/1"}],"replies":[{"embeddable":true,"href":"https:\/\/noticiasdestaque.com.br\/index.php\/wp-json\/wp\/v2\/comments?post=12038"}],"version-history":[{"count":1,"href":"https:\/\/noticiasdestaque.com.br\/index.php\/wp-json\/wp\/v2\/posts\/12038\/revisions"}],"predecessor-version":[{"id":12039,"href":"https:\/\/noticiasdestaque.com.br\/index.php\/wp-json\/wp\/v2\/posts\/12038\/revisions\/12039"}],"wp:featuredmedia":[{"embeddable":true,"href":"https:\/\/noticiasdestaque.com.br\/index.php\/wp-json\/wp\/v2\/media\/12040"}],"wp:attachment":[{"href":"https:\/\/noticiasdestaque.com.br\/index.php\/wp-json\/wp\/v2\/media?parent=12038"}],"wp:term":[{"taxonomy":"category","embeddable":true,"href":"https:\/\/noticiasdestaque.com.br\/index.php\/wp-json\/wp\/v2\/categories?post=12038"},{"taxonomy":"post_tag","embeddable":true,"href":"https:\/\/noticiasdestaque.com.br\/index.php\/wp-json\/wp\/v2\/tags?post=12038"}],"curies":[{"name":"wp","href":"https:\/\/api.w.org\/{rel}","templated":true}]}}