{"id":12011,"date":"2024-01-17T11:13:00","date_gmt":"2024-01-17T11:13:00","guid":{"rendered":"https:\/\/noticiasdestaque.com.br\/index.php\/2024\/01\/17\/brasileiro-foi-ferido-durante-atentado-em-israel-confirma-itamaraty\/"},"modified":"2024-01-17T11:13:00","modified_gmt":"2024-01-17T11:13:00","slug":"brasileiro-foi-ferido-durante-atentado-em-israel-confirma-itamaraty","status":"publish","type":"post","link":"https:\/\/noticiasdestaque.com.br\/index.php\/2024\/01\/17\/brasileiro-foi-ferido-durante-atentado-em-israel-confirma-itamaraty\/","title":{"rendered":"Brasileiro foi ferido durante atentado em Israel, confirma Itamaraty"},"content":{"rendered":"<style> bloco.meta {font-style: italic; color: #666;font-weight: 600;font-size: .8em; \/* line-height: .3em; *\/}  text h2 { font-weight: 700 !important;  color: #062f46 !important;} text img { width: none; left: none;}<\/style>\n<\/p>\n<p>O Minist\u00e9rio das Rela\u00e7\u00f5es Exteriores (MRE) confirmou nesta ter\u00e7a-feira (16) que um brasileiro est\u00e1 entre os feridos no atentado terrorista ocorrido ontem (15) em Ra\u2019anana, em Israel.<aimg src=\"https:\/\/aagenciabrasil.ebc.com.br\/ebc.apng?id=1576667 o=node\" style=\"width:1px; height:1px; display:inline;\"><\/aimg><aimg src=\"https:\/\/aagenciabrasil.ebc.com.br\/ebc.agif?id=1576667 o=node\" style=\"width:1px; height:1px; display:inline;\"><\/aimg><\/p>\n<p>De acordo com o Itamaraty, o cidad\u00e3o brasileiro est\u00e1 em condi\u00e7\u00e3o de sa\u00fade est\u00e1vel e recebe assist\u00eancia da Embaixada do Brasil em Tel Aviv. A identidade do brasileiro n\u00e3o foi divulgada.<\/p>\n<p>De acordo com ag\u00eancias internacionais, na segunda-feira (15), um homem esfaqueou populares que caminhavam pelas ruas de Ra\u2019anana. Pedestres tamb\u00e9m foram atropelados por um carro roubado pelo terrorista. Uma pessoa morreu e cerca de 20 ficaram feridas.<\/p>\n<p>Em comunicado divulgado na noite de ontem, o Minist\u00e9rio das Rela\u00e7\u00f5es Exteriores repudiou a viol\u00eancia e prestou solidariedade ao povo e ao governo de Israel.<\/p>\n<p>&#8220;Ao manifestar seu rep\u00fadio ao recurso \u00e0 viol\u00eancia, sobretudo contra civis, o governo brasileiro apela a palestinos e israelenses que se abstenham da pr\u00e1tica de atos que ampliem as tens\u00f5es e tragam o risco de escalada ainda maior no conflito ora em curso na regi\u00e3o&#8221;, declarou a pasta.<\/p>\n<p>A diplomacia brasileira tamb\u00e9m reiterou a defesa da busca pela paz na regi\u00e3o. &#8220;O Brasil reitera a defesa da solu\u00e7\u00e3o de dois Estados, com um Estado Palestino economicamente vi\u00e1vel convivendo lado a lado com Israel, em paz e seguran\u00e7a, dentro de fronteiras mutuamente acordadas e internacionalmente reconhecidas&#8221;, concluiu.<\/p>\n<p class=\"alt-font font-italic my-2 small text-info\">\n                                                Edi\u00e7\u00e3o:   Juliana Andrade                    <\/p>\n<p>            <!-- blog End --><\/p>\n<p>            <!-- tag and share --><\/p>\n<p> Fonte: EBC <\/p>\n<input type=\"hidden\" id=\"baseurl\" value=\"https:\/\/noticiasdestaque.com.br\"><input type=\"hidden\" id=\"audio_nonce\" value=\"9fd43fe80e\">","protected":false},"excerpt":{"rendered":"<p>Condi\u00e7\u00e3o de sa\u00fade da v\u00edtima \u00e9 est\u00e1vel, segundo o governo brasileiro<\/p>\n","protected":false},"author":1,"featured_media":12013,"comment_status":"open","ping_status":"open","sticky":false,"template":"","format":"standard","meta":{"fifu_image_url":"","fifu_image_alt":"","footnotes":""},"categories":[1],"tags":[106],"class_list":["post-12011","post","type-post","status-publish","format-standard","has-post-thumbnail","hentry","category-uncategorized","tag-brunna-pareja"],"distributor_meta":false,"distributor_terms":false,"distributor_media":false,"distributor_original_site_name":"Noticias em Destaque","distributor_original_site_url":"https:\/\/noticiasdestaque.com.br","push-errors":false,"_links":{"self":[{"href":"https:\/\/noticiasdestaque.com.br\/index.php\/wp-json\/wp\/v2\/posts\/12011","targetHints":{"allow":["GET"]}}],"collection":[{"href":"https:\/\/noticiasdestaque.com.br\/index.php\/wp-json\/wp\/v2\/posts"}],"about":[{"href":"https:\/\/noticiasdestaque.com.br\/index.php\/wp-json\/wp\/v2\/types\/post"}],"author":[{"embeddable":true,"href":"https:\/\/noticiasdestaque.com.br\/index.php\/wp-json\/wp\/v2\/users\/1"}],"replies":[{"embeddable":true,"href":"https:\/\/noticiasdestaque.com.br\/index.php\/wp-json\/wp\/v2\/comments?post=12011"}],"version-history":[{"count":1,"href":"https:\/\/noticiasdestaque.com.br\/index.php\/wp-json\/wp\/v2\/posts\/12011\/revisions"}],"predecessor-version":[{"id":12012,"href":"https:\/\/noticiasdestaque.com.br\/index.php\/wp-json\/wp\/v2\/posts\/12011\/revisions\/12012"}],"wp:featuredmedia":[{"embeddable":true,"href":"https:\/\/noticiasdestaque.com.br\/index.php\/wp-json\/wp\/v2\/media\/12013"}],"wp:attachment":[{"href":"https:\/\/noticiasdestaque.com.br\/index.php\/wp-json\/wp\/v2\/media?parent=12011"}],"wp:term":[{"taxonomy":"category","embeddable":true,"href":"https:\/\/noticiasdestaque.com.br\/index.php\/wp-json\/wp\/v2\/categories?post=12011"},{"taxonomy":"post_tag","embeddable":true,"href":"https:\/\/noticiasdestaque.com.br\/index.php\/wp-json\/wp\/v2\/tags?post=12011"}],"curies":[{"name":"wp","href":"https:\/\/api.w.org\/{rel}","templated":true}]}}