{"id":12008,"date":"2024-01-17T10:43:00","date_gmt":"2024-01-17T10:43:00","guid":{"rendered":"https:\/\/noticiasdestaque.com.br\/index.php\/2024\/01\/17\/sete-municipios-estao-em-situacao-de-emergencia-no-rio-de-janeiro\/"},"modified":"2024-01-17T10:43:00","modified_gmt":"2024-01-17T10:43:00","slug":"sete-municipios-estao-em-situacao-de-emergencia-no-rio-de-janeiro","status":"publish","type":"post","link":"https:\/\/noticiasdestaque.com.br\/index.php\/2024\/01\/17\/sete-municipios-estao-em-situacao-de-emergencia-no-rio-de-janeiro\/","title":{"rendered":"Sete munic\u00edpios est\u00e3o em situa\u00e7\u00e3o de emerg\u00eancia no Rio de Janeiro"},"content":{"rendered":"<style> bloco.meta {font-style: italic; color: #666;font-weight: 600;font-size: .8em; \/* line-height: .3em; *\/}  text h2 { font-weight: 700 !important;  color: #062f46 !important;} text img { width: none; left: none;}<\/style>\n<\/p>\n<p>Sete munic\u00edpios est\u00e3o em situa\u00e7\u00e3o de emerg\u00eancia no estado do Rio de Janeiro por conta das fortes chuvas que atingiram regi\u00f5es do estado neste final de semana, deixaram 12 mortos e cerca de 600 pessoas desabrigada ou desalojadas. Outros cinco munic\u00edpios dever\u00e3o ter o pedido reconhecido. Segundo o ministro da Integra\u00e7\u00e3o e do Desenvolvimento Regional MIDR, Waldez G\u00f3es, outros munic\u00edpios ainda dever\u00e3o entrar na lista. Ao todo, 37 cidades sofreram impactos. <aimg src=\"https:\/\/aagenciabrasil.ebc.com.br\/ebc.apng?id=1576666 o=node\" style=\"width:1px; height:1px; display:inline;\"><\/aimg><aimg src=\"https:\/\/aagenciabrasil.ebc.com.br\/ebc.agif?id=1576666 o=node\" style=\"width:1px; height:1px; display:inline;\"><\/aimg><\/p>\n<p>Na segunda-feira (15), o MIDR j\u00e1 havia reconhecido a situa\u00e7\u00e3o de emerg\u00eancia no Rio de Janeiro, Belford Roxo, Nova Igua\u00e7u e S\u00e3o Jo\u00e3o do Meriti. Nesta ter\u00e7a-feira (16), por meio da Defesa Civil Nacional, a pasta reconheceu a situa\u00e7\u00e3o de emerg\u00eancia nas cidades de Duque de Caxias, Nil\u00f3polis e Mesquita.   <\/p>\n<p>Segundo o MIDR, outras cinco cidades fluminenses \u2013 S\u00e3o Gon\u00e7alo, Mag\u00e9, Japeri, Paracambi e Queimados \u2013 devem ter os pedidos reconhecidos assim que enviarem os decretos municipais de reconhecimento de situa\u00e7\u00e3o de emerg\u00eancia.<\/p>\n<p>Aos munic\u00edpios em estado de emerg\u00eancia o governo federal oferece ajuda humanit\u00e1ria, al\u00e9m de ajuda na limpeza, restabelecimento e reconstru\u00e7\u00e3o do que foi destru\u00eddo. De acordo com o ministro, a recomenda\u00e7\u00e3o do presidente Luiz In\u00e1cio Lula da Silva \u00e9 \u201capoio integral\u201d, ressalta. \u201cEnt\u00e3o \u00e9 o que for necess\u00e1rio para ajudar humanitariamente as pessoas, para ajudar no restabelecimento das cidades e para ajudar na reconstru\u00e7\u00e3o daquilo que foi destru\u00eddo,\u201d afirma.<\/p>\n<p>G\u00f3es faz parte da comitiva do governo federal que visitou, nesta ter\u00e7a-feira (16), \u00e1reas atingidas pelas fortes chuvas do fim de semana em Belford Roxo, na Baixada Fluminense.  A equipe era composta pelos ministros da Integra\u00e7\u00e3o e do Desenvolvimento Regional, Waldez G\u00f3es, da Igualdade Racial, Anielle Franco, do Meio Ambiente e Mudan\u00e7a do Clima substituto, Jo\u00e3o Paulo Capobianco, e do Desenvolvimento e Assist\u00eancia Social, Fam\u00edlia e Combate \u00e0 Fome substituto, Osmar Almeida J\u00fanior.<\/p>\n<p>Eles refor\u00e7aram o apoio \u00e0s prefeituras. G\u00f3es explicou que ap\u00f3s o decreto de emerg\u00eancia \u00e9 necess\u00e1rio que as prefeituras elaborem planos para especificar o que necessitam. Segundo ele, n\u00e3o precisa ser um \u00fanico plano, \u00e0 medida que as necessidades forem se apresentando, outros planos podem ser elaborados. Equipes t\u00e9cnicas do governo federal est\u00e3o dispon\u00edveis para assessorar as prefeituras. \u201cA partir de hoje, se precisar, quantos dias for necess\u00e1rio, eles ficarem aqui, eles v\u00e3o ficando. Ajuda que o plano, quando entrar no sistema, j\u00e1 entra redondo, n\u00e3o precisa de dilig\u00eancia, a gente j\u00e1 aprova sumariamente, j\u00e1 disponibilizamos recursos para o munic\u00edpio,\u201d diz.<\/p>\n<p>Al\u00e9m do apoio emergencial, os ministros ressaltaram que h\u00e1 a\u00e7\u00f5es sendo pensada a longo prazo para resolver uma <a href=\"https:\/\/agenciabrasil.ebc.com.br\/geral\/noticia\/2024-01\/tragedia-causada-pelas-chuvas-evidencia-racismo-ambiental\" target=\"_blank\">quest\u00e3o que se repete ano ap\u00f3s ano<\/a>.<\/p>\n<p> nd-widget-wrapper context-cheio_8colunas type-gallery&#8221;<\/p>\n<input type=\"hidden\" id=\"baseurl\" value=\"https:\/\/noticiasdestaque.com.br\"><input type=\"hidden\" id=\"audio_nonce\" value=\"9fd43fe80e\">","protected":false},"excerpt":{"rendered":"<p>Impactos das chuvas atingem a popula\u00e7\u00e3o de 37 cidades<\/p>\n","protected":false},"author":1,"featured_media":12010,"comment_status":"open","ping_status":"open","sticky":false,"template":"","format":"standard","meta":{"fifu_image_url":"","fifu_image_alt":"","footnotes":""},"categories":[1],"tags":[106],"class_list":["post-12008","post","type-post","status-publish","format-standard","has-post-thumbnail","hentry","category-uncategorized","tag-brunna-pareja"],"distributor_meta":false,"distributor_terms":false,"distributor_media":false,"distributor_original_site_name":"Noticias em Destaque","distributor_original_site_url":"https:\/\/noticiasdestaque.com.br","push-errors":false,"_links":{"self":[{"href":"https:\/\/noticiasdestaque.com.br\/index.php\/wp-json\/wp\/v2\/posts\/12008","targetHints":{"allow":["GET"]}}],"collection":[{"href":"https:\/\/noticiasdestaque.com.br\/index.php\/wp-json\/wp\/v2\/posts"}],"about":[{"href":"https:\/\/noticiasdestaque.com.br\/index.php\/wp-json\/wp\/v2\/types\/post"}],"author":[{"embeddable":true,"href":"https:\/\/noticiasdestaque.com.br\/index.php\/wp-json\/wp\/v2\/users\/1"}],"replies":[{"embeddable":true,"href":"https:\/\/noticiasdestaque.com.br\/index.php\/wp-json\/wp\/v2\/comments?post=12008"}],"version-history":[{"count":1,"href":"https:\/\/noticiasdestaque.com.br\/index.php\/wp-json\/wp\/v2\/posts\/12008\/revisions"}],"predecessor-version":[{"id":12009,"href":"https:\/\/noticiasdestaque.com.br\/index.php\/wp-json\/wp\/v2\/posts\/12008\/revisions\/12009"}],"wp:featuredmedia":[{"embeddable":true,"href":"https:\/\/noticiasdestaque.com.br\/index.php\/wp-json\/wp\/v2\/media\/12010"}],"wp:attachment":[{"href":"https:\/\/noticiasdestaque.com.br\/index.php\/wp-json\/wp\/v2\/media?parent=12008"}],"wp:term":[{"taxonomy":"category","embeddable":true,"href":"https:\/\/noticiasdestaque.com.br\/index.php\/wp-json\/wp\/v2\/categories?post=12008"},{"taxonomy":"post_tag","embeddable":true,"href":"https:\/\/noticiasdestaque.com.br\/index.php\/wp-json\/wp\/v2\/tags?post=12008"}],"curies":[{"name":"wp","href":"https:\/\/api.w.org\/{rel}","templated":true}]}}