{"id":12002,"date":"2024-01-17T08:43:00","date_gmt":"2024-01-17T08:43:00","guid":{"rendered":"https:\/\/noticiasdestaque.com.br\/index.php\/2024\/01\/17\/distrito-federal-registra-aumento-de-no-numero-de-casos-provaveis-de-dengue\/"},"modified":"2024-01-17T08:43:00","modified_gmt":"2024-01-17T08:43:00","slug":"distrito-federal-registra-aumento-de-no-numero-de-casos-provaveis-de-dengue","status":"publish","type":"post","link":"https:\/\/noticiasdestaque.com.br\/index.php\/2024\/01\/17\/distrito-federal-registra-aumento-de-no-numero-de-casos-provaveis-de-dengue\/","title":{"rendered":"Distrito Federal registra aumento de 207% no n\u00famero de casos prov\u00e1veis de dengue"},"content":{"rendered":"<p>No Distrito Federal, foram registrados 2.054 casos prov\u00e1veis de dengue entre 31 de dezembro e 6 de janeiro, representando um aumento de 207% em compara\u00e7\u00e3o ao mesmo per\u00edodo de 2023, que teve 669 casos. Os dados s\u00e3o do primeiro boletim epidemiol\u00f3gico de 2024 do DF.<\/p>\n<p>De acordo com o boletim, as maiores incid\u00eancias ocorrem em Ceil\u00e2ndia com 172,66 casos por 100 mil habitantes, Varj\u00e3o com 142,5 casos por 100 mil habitantes e Brazl\u00e2ndia com 135,31 por 100 mil. Todas as regi\u00f5es administrativas do DF registraram casos prov\u00e1veis de dengue.<\/p>\n<p>Jadir Costa, diretor da Vigil\u00e2ncia Ambiental da Secretaria de Sa\u00fade do DF, destaca que o aumento das chuvas nesta \u00e9poca do ano no Distrito Federal exige que a popula\u00e7\u00e3o intensifique os cuidados para prevenir a prolifera\u00e7\u00e3o do mosquito Aedes Aegypti. Ele recomenda dedicar pelo menos 10 minutos semanais para inspecionar e eliminar potenciais criadouros do mosquito em casa, como bebedouros de animais, tampas de garrafas e latas que possam acumular \u00e1gua.<\/p>\n<p>\u201cEsse trabalho colabora muito com o que \u00e9 efetuado pelos agentes de vigil\u00e2ncia ambiental. Importante refor\u00e7ar para a popula\u00e7\u00e3o que ao receber o agente de vigil\u00e2ncia ambiental que vai estar devidamente caracterizado com seu crach\u00e1 e o seu colete, que o receba que deixa ele fazer essa inspe\u00e7\u00e3o, para que juntos a gente consiga combater a dengue\u201d, considera.<\/p>\n<p>De acordo com a Secretaria de Sa\u00fade do DF, durante as visitas domiciliares os agentes de sa\u00fade buscam identificar poss\u00edveis focos de prolifera\u00e7\u00e3o do mosquito transmissor da dengue, com \u00eanfase nos criadouros mais comuns. Quando focos s\u00e3o encontrados, a situa\u00e7\u00e3o \u00e9 comunicada \u00e0 equipe de Sa\u00fade da Fam\u00edlia (eSF) e, se necess\u00e1rio, \u00e0 equipe de Vigil\u00e2ncia Ambiental, que podem tomar medidas de controle, incluindo a aplica\u00e7\u00e3o de larvicidas e mobiliza\u00e7\u00e3o comunit\u00e1ria.<\/p>\n<h2>A\u00e7\u00f5es de enfrentamento<\/h2>\n<p>Luciano Moresco Agrizzi, secret\u00e1rio adjunto de Assist\u00eancia da Secretaria de Sa\u00fade do DF, afirma que o Plano de Enfrentamento da Dengue e outras Arboviroses inclui medidas para combater a doen\u00e7a e fornecer informa\u00e7\u00f5es relevantes \u00e0 popula\u00e7\u00e3o do Distrito Federal. O plano tamb\u00e9m foca na capacita\u00e7\u00e3o dos profissionais de sa\u00fade com estrat\u00e9gias assistenciais e de suporte para mitigar os impactos da dengue no cen\u00e1rio atual.<\/p>\n<p>\u201cEntre as principais medidas, a sa\u00fade tem monitorado e agido de forma eficaz e \u00e1gil nas a\u00e7\u00f5es, utilizando o fumac\u00ea, de forma t\u00e1tica, em que a equipe da Vigil\u00e2ncia em Sa\u00fade avalia os locais, juntamente com as equipes assistenciais\u201d, explica.<\/p>\n<p>O secret\u00e1rio enfatiza a import\u00e2ncia da participa\u00e7\u00e3o ativa da popula\u00e7\u00e3o no combate \u00e0 dengue, e pede para que as pessoas inspecionem regularmente seus quintais para identificar e eliminar locais que possam servir como criadouros do mosquito, contribuindo assim para reduzir a incid\u00eancia da doen\u00e7a.<\/p>\n<h2>Principais sintomas<\/h2>\n<ul>\n<li>Febre alta (acima de 38 graus); <\/li>\n<li>Dor no corpo e articula\u00e7\u00f5es; <\/li>\n<li>Dor atr\u00e1s dos olhos; <\/li>\n<li>Mal-estar; <\/li>\n<li>Falta de apetite; <\/li>\n<li>Dor de cabe\u00e7a;<\/li>\n<li>Manchas vermelhas pelo corpo. <\/li>\n<\/ul>\n<p>Para quem apresenta sintomas, \u00e9 recomendada a busca por atendimento em uma das 176 unidades b\u00e1sicas de sa\u00fade (UBSs) do DF. <\/p>\n<p><strong>Veja Mais:<\/strong><\/p>\n<\/p>\n<p>\n <\/p>\n<p> Fonte: Brasil61<\/p>\n<input type=\"hidden\" id=\"baseurl\" value=\"https:\/\/noticiasdestaque.com.br\"><input type=\"hidden\" id=\"audio_nonce\" value=\"9fd43fe80e\">","protected":false},"excerpt":{"rendered":"<p>Foram registrados 2.054 casos prov\u00e1veis de dengue entre 31 de dezembro e 6 de janeiro<\/p>\n","protected":false},"author":1,"featured_media":12004,"comment_status":"open","ping_status":"open","sticky":false,"template":"","format":"standard","meta":{"fifu_image_url":"","fifu_image_alt":"","footnotes":""},"categories":[1],"tags":[112],"class_list":["post-12002","post","type-post","status-publish","format-standard","has-post-thumbnail","hentry","category-uncategorized","tag-energreener"],"distributor_meta":false,"distributor_terms":false,"distributor_media":false,"distributor_original_site_name":"Noticias em Destaque","distributor_original_site_url":"https:\/\/noticiasdestaque.com.br","push-errors":false,"_links":{"self":[{"href":"https:\/\/noticiasdestaque.com.br\/index.php\/wp-json\/wp\/v2\/posts\/12002","targetHints":{"allow":["GET"]}}],"collection":[{"href":"https:\/\/noticiasdestaque.com.br\/index.php\/wp-json\/wp\/v2\/posts"}],"about":[{"href":"https:\/\/noticiasdestaque.com.br\/index.php\/wp-json\/wp\/v2\/types\/post"}],"author":[{"embeddable":true,"href":"https:\/\/noticiasdestaque.com.br\/index.php\/wp-json\/wp\/v2\/users\/1"}],"replies":[{"embeddable":true,"href":"https:\/\/noticiasdestaque.com.br\/index.php\/wp-json\/wp\/v2\/comments?post=12002"}],"version-history":[{"count":1,"href":"https:\/\/noticiasdestaque.com.br\/index.php\/wp-json\/wp\/v2\/posts\/12002\/revisions"}],"predecessor-version":[{"id":12003,"href":"https:\/\/noticiasdestaque.com.br\/index.php\/wp-json\/wp\/v2\/posts\/12002\/revisions\/12003"}],"wp:featuredmedia":[{"embeddable":true,"href":"https:\/\/noticiasdestaque.com.br\/index.php\/wp-json\/wp\/v2\/media\/12004"}],"wp:attachment":[{"href":"https:\/\/noticiasdestaque.com.br\/index.php\/wp-json\/wp\/v2\/media?parent=12002"}],"wp:term":[{"taxonomy":"category","embeddable":true,"href":"https:\/\/noticiasdestaque.com.br\/index.php\/wp-json\/wp\/v2\/categories?post=12002"},{"taxonomy":"post_tag","embeddable":true,"href":"https:\/\/noticiasdestaque.com.br\/index.php\/wp-json\/wp\/v2\/tags?post=12002"}],"curies":[{"name":"wp","href":"https:\/\/api.w.org\/{rel}","templated":true}]}}