{"id":11993,"date":"2024-01-17T04:43:00","date_gmt":"2024-01-17T04:43:00","guid":{"rendered":"https:\/\/noticiasdestaque.com.br\/index.php\/2024\/01\/17\/preco-do-cafe-arabica-registra-alta-nesta-quarta-feira\/"},"modified":"2024-01-17T04:43:00","modified_gmt":"2024-01-17T04:43:00","slug":"preco-do-cafe-arabica-registra-alta-nesta-quarta-feira","status":"publish","type":"post","link":"https:\/\/noticiasdestaque.com.br\/index.php\/2024\/01\/17\/preco-do-cafe-arabica-registra-alta-nesta-quarta-feira\/","title":{"rendered":"Pre\u00e7o do caf\u00e9 ar\u00e1bica registra alta nesta quarta-feira (17)"},"content":{"rendered":"<p>Nesta quarta-feira (17), a saca de 60 quilos do caf\u00e9 ar\u00e1bica teve alta de 1,94% no seu pre\u00e7o e \u00e9 comercializada a R$ 988,25 na cidade de S\u00e3o Paulo. J\u00e1 o pre\u00e7o do caf\u00e9 robusta registrou forte alta de 4,00%, e o pre\u00e7o l\u00edquido da saca de 60 quilos, \u00e0 vista, \u00e9 comercializado a R$ 823,72 para retirada nas imedia\u00e7\u00f5es da regi\u00e3o produtora de Colatina e S\u00e3o Gabriel da Palha, no Esp\u00edrito Santo. <\/p>\n<p>O a\u00e7\u00facar cristal, por sua vez, registrou leve alta de 0,08% e o produto \u00e9 vendido a R$ 144,16, por saca de 50 kg, em S\u00e3o Paulo. J\u00e1 na cidade de Santos, em S\u00e3o Paulo, o valor da saca de 50 quilos, sem impostos, registra leve alta, de 0,06%, e o produto \u00e9 comercializado a R$ 142,69.<\/p>\n<p>A saca de 60 quilos do milho registrou queda de 0,83%, e \u00e9 negociada a R$ 65,53.<\/p>\n<p>Os valores s\u00e3o do <a href=\"https:\/\/www.cepea.esalq.usp.br\/br\">Cepea<\/a>.\n <\/p>\n<p> Fonte: Brasil61<\/p>\n<input type=\"hidden\" id=\"baseurl\" value=\"https:\/\/noticiasdestaque.com.br\"><input type=\"hidden\" id=\"audio_nonce\" value=\"9fd43fe80e\">","protected":false},"excerpt":{"rendered":"<p>Caf\u00e9 ar\u00e1bica \u00e9 negociado a R$ 988,25\/saca em S\u00e3o Paulo<\/p>\n","protected":false},"author":1,"featured_media":11995,"comment_status":"open","ping_status":"open","sticky":false,"template":"","format":"standard","meta":{"fifu_image_url":"","fifu_image_alt":"","footnotes":""},"categories":[1],"tags":[107],"class_list":["post-11993","post","type-post","status-publish","format-standard","has-post-thumbnail","hentry","category-uncategorized","tag-closer-vendedor-milionario"],"distributor_meta":false,"distributor_terms":false,"distributor_media":false,"distributor_original_site_name":"Noticias em Destaque","distributor_original_site_url":"https:\/\/noticiasdestaque.com.br","push-errors":false,"_links":{"self":[{"href":"https:\/\/noticiasdestaque.com.br\/index.php\/wp-json\/wp\/v2\/posts\/11993","targetHints":{"allow":["GET"]}}],"collection":[{"href":"https:\/\/noticiasdestaque.com.br\/index.php\/wp-json\/wp\/v2\/posts"}],"about":[{"href":"https:\/\/noticiasdestaque.com.br\/index.php\/wp-json\/wp\/v2\/types\/post"}],"author":[{"embeddable":true,"href":"https:\/\/noticiasdestaque.com.br\/index.php\/wp-json\/wp\/v2\/users\/1"}],"replies":[{"embeddable":true,"href":"https:\/\/noticiasdestaque.com.br\/index.php\/wp-json\/wp\/v2\/comments?post=11993"}],"version-history":[{"count":1,"href":"https:\/\/noticiasdestaque.com.br\/index.php\/wp-json\/wp\/v2\/posts\/11993\/revisions"}],"predecessor-version":[{"id":11994,"href":"https:\/\/noticiasdestaque.com.br\/index.php\/wp-json\/wp\/v2\/posts\/11993\/revisions\/11994"}],"wp:featuredmedia":[{"embeddable":true,"href":"https:\/\/noticiasdestaque.com.br\/index.php\/wp-json\/wp\/v2\/media\/11995"}],"wp:attachment":[{"href":"https:\/\/noticiasdestaque.com.br\/index.php\/wp-json\/wp\/v2\/media?parent=11993"}],"wp:term":[{"taxonomy":"category","embeddable":true,"href":"https:\/\/noticiasdestaque.com.br\/index.php\/wp-json\/wp\/v2\/categories?post=11993"},{"taxonomy":"post_tag","embeddable":true,"href":"https:\/\/noticiasdestaque.com.br\/index.php\/wp-json\/wp\/v2\/tags?post=11993"}],"curies":[{"name":"wp","href":"https:\/\/api.w.org\/{rel}","templated":true}]}}