{"id":11984,"date":"2024-01-16T11:05:00","date_gmt":"2024-01-16T11:05:00","guid":{"rendered":"https:\/\/noticiasdestaque.com.br\/index.php\/2024\/01\/16\/lei-vai-permitir-que-estacao-de-radio-tenha-sociedade-com-unico-socio\/"},"modified":"2024-01-16T11:05:00","modified_gmt":"2024-01-16T11:05:00","slug":"lei-vai-permitir-que-estacao-de-radio-tenha-sociedade-com-unico-socio","status":"publish","type":"post","link":"https:\/\/noticiasdestaque.com.br\/index.php\/2024\/01\/16\/lei-vai-permitir-que-estacao-de-radio-tenha-sociedade-com-unico-socio\/","title":{"rendered":"Lei vai permitir que esta\u00e7\u00e3o de r\u00e1dio tenha sociedade com \u00fanico s\u00f3cio"},"content":{"rendered":"<style> bloco.meta {font-style: italic; color: #666;font-weight: 600;font-size: .8em; \/* line-height: .3em; *\/}  text h2 { font-weight: 700 !important;  color: #062f46 !important;} text img { width: none; left: none;}<\/style>\n<\/p>\n<p>O presidente Luiz In\u00e1cio Lula da Silva sancionou nesta segunda-feira (15) projeto de lei que permite a emissoras de r\u00e1dio sejam organizadas por sociedades compostas por um \u00fanico s\u00f3cio, chamadas unipessoais.  <aimg src=\"https:\/\/aagenciabrasil.ebc.com.br\/ebc.apng?id=1576522 o=node\" style=\"width:1px; height:1px; display:inline;\"><\/aimg><aimg src=\"https:\/\/aagenciabrasil.ebc.com.br\/ebc.agif?id=1576522 o=node\" style=\"width:1px; height:1px; display:inline;\"><\/aimg><\/p>\n<p>A nova lei altera o C\u00f3digo Brasileiro de Telecomunica\u00e7\u00f5es, pois a legisla\u00e7\u00e3o atual n\u00e3o autoriza atua\u00e7\u00e3o de sociedades de um \u00fanico s\u00f3cio nos servi\u00e7os de radiodifus\u00e3o. De acordo com o governo federal, a mudan\u00e7a vai garantir dinamismo e desburocratiza\u00e7\u00e3o do setor.  <\/p>\n<p>O texto foi aprovado pelo Senado em dezembro de 2023, ap\u00f3s aprova\u00e7\u00e3o pelos deputados federais. <\/p>\n<p>A nova regra amplia o limite de esta\u00e7\u00f5es de r\u00e1dio e televis\u00e3o que podem ser operadas por cada empresa, passando para 20 emissoras (FM, onda m\u00e9dia, onda curta ou onda tropical).  <\/p>\n<p>Atualmente, o n\u00famero m\u00e1ximo varia conforme a abrang\u00eancia (local, regional ou nacional) e o tipo de frequ\u00eancia. Por exemplo, uma empresa pode ter at\u00e9 seis r\u00e1dios locais FM (frequ\u00eancia modulada) e tr\u00eas em ondas m\u00e9dias com alcance regional.  <\/p>\n<p>Uma entidade poder\u00e1 ter at\u00e9 20 esta\u00e7\u00f5es de televis\u00e3o. O limite atual \u00e9 dez. <\/p>\n<p>Conforme o projeto, o aumento \u00e9 necess\u00e1rio para que as pequenas emissoras AM (amplitude modulada) possam migrar para FM, j\u00e1 que a maioria dos grupos tinham atingido o limite imposto pela lei atual.  <\/p>\n<p class=\"alt-font font-italic my-2 small text-info\">\n                                                Edi\u00e7\u00e3o:   Carolina Pimentel                    <\/p>\n<p>            <!-- blog End --><\/p>\n<p>            <!-- tag and share --><\/p>\n<p> Fonte: EBC <\/p>\n<input type=\"hidden\" id=\"baseurl\" value=\"https:\/\/noticiasdestaque.com.br\"><input type=\"hidden\" id=\"audio_nonce\" value=\"62ca87eee3\">","protected":false},"excerpt":{"rendered":"<p>Nova regra foi sancionada pelo presidente Lula<\/p>\n","protected":false},"author":1,"featured_media":11986,"comment_status":"open","ping_status":"open","sticky":false,"template":"","format":"standard","meta":{"fifu_image_url":"","fifu_image_alt":"","footnotes":""},"categories":[1],"tags":[106],"class_list":["post-11984","post","type-post","status-publish","format-standard","has-post-thumbnail","hentry","category-uncategorized","tag-brunna-pareja"],"distributor_meta":false,"distributor_terms":false,"distributor_media":false,"distributor_original_site_name":"Noticias em Destaque","distributor_original_site_url":"https:\/\/noticiasdestaque.com.br","push-errors":false,"_links":{"self":[{"href":"https:\/\/noticiasdestaque.com.br\/index.php\/wp-json\/wp\/v2\/posts\/11984","targetHints":{"allow":["GET"]}}],"collection":[{"href":"https:\/\/noticiasdestaque.com.br\/index.php\/wp-json\/wp\/v2\/posts"}],"about":[{"href":"https:\/\/noticiasdestaque.com.br\/index.php\/wp-json\/wp\/v2\/types\/post"}],"author":[{"embeddable":true,"href":"https:\/\/noticiasdestaque.com.br\/index.php\/wp-json\/wp\/v2\/users\/1"}],"replies":[{"embeddable":true,"href":"https:\/\/noticiasdestaque.com.br\/index.php\/wp-json\/wp\/v2\/comments?post=11984"}],"version-history":[{"count":1,"href":"https:\/\/noticiasdestaque.com.br\/index.php\/wp-json\/wp\/v2\/posts\/11984\/revisions"}],"predecessor-version":[{"id":11985,"href":"https:\/\/noticiasdestaque.com.br\/index.php\/wp-json\/wp\/v2\/posts\/11984\/revisions\/11985"}],"wp:featuredmedia":[{"embeddable":true,"href":"https:\/\/noticiasdestaque.com.br\/index.php\/wp-json\/wp\/v2\/media\/11986"}],"wp:attachment":[{"href":"https:\/\/noticiasdestaque.com.br\/index.php\/wp-json\/wp\/v2\/media?parent=11984"}],"wp:term":[{"taxonomy":"category","embeddable":true,"href":"https:\/\/noticiasdestaque.com.br\/index.php\/wp-json\/wp\/v2\/categories?post=11984"},{"taxonomy":"post_tag","embeddable":true,"href":"https:\/\/noticiasdestaque.com.br\/index.php\/wp-json\/wp\/v2\/tags?post=11984"}],"curies":[{"name":"wp","href":"https:\/\/api.w.org\/{rel}","templated":true}]}}