{"id":11981,"date":"2024-01-16T10:35:00","date_gmt":"2024-01-16T10:35:00","guid":{"rendered":"https:\/\/noticiasdestaque.com.br\/index.php\/2024\/01\/16\/brasil-e-paraguai-nao-chegam-a-acordo-sobre-tarifa-de-itaipu\/"},"modified":"2024-01-16T10:35:00","modified_gmt":"2024-01-16T10:35:00","slug":"brasil-e-paraguai-nao-chegam-a-acordo-sobre-tarifa-de-itaipu","status":"publish","type":"post","link":"https:\/\/noticiasdestaque.com.br\/index.php\/2024\/01\/16\/brasil-e-paraguai-nao-chegam-a-acordo-sobre-tarifa-de-itaipu\/","title":{"rendered":"Brasil e Paraguai n\u00e3o chegam a acordo sobre tarifa de Itaipu"},"content":{"rendered":"<style> bloco.meta {font-style: italic; color: #666;font-weight: 600;font-size: .8em; \/* line-height: .3em; *\/}  text h2 { font-weight: 700 !important;  color: #062f46 !important;} text img { width: none; left: none;}<\/style>\n<\/p>\n<p>O presidente Luiz In\u00e1cio Lula da Silva afirmou nesta segunda-feira (15) que o Brasil tem diverg\u00eancias com o Paraguai em rela\u00e7\u00e3o ao valor da tarifa da usina hidrel\u00e9trica de Itaipu, que \u00e9 uma empresa binacional gerida pelos dois pa\u00edses, mas que o tema seguir\u00e1 sendo tratado pelas equipes de ambos os governos para que se chegue a uma solu\u00e7\u00e3o. A declara\u00e7\u00e3o foi dada ap\u00f3s <a href=\"https:\/\/agenciabrasil.ebc.com.br\/politica\/noticia\/2024-01\/lula-se-reune-com-presidente-do-paraguai-e-discute-energia-de-itaipu\" target=\"_blank\">encontro <\/a>entre o mandat\u00e1rio brasileiro e o presidente paraguaio, Santiago Pe\u00f1a, no Pal\u00e1cio do Itamaraty, em Bras\u00edlia. A reuni\u00e3o come\u00e7ou de manh\u00e3 e foi seguida de um almo\u00e7o. Foi a primeira visita oficial de Pe\u00f1a ao Brasil desde que assumiu o governo do Paraguai, em agosto do ano passado.<aimg src=\"https:\/\/aagenciabrasil.ebc.com.br\/ebc.apng?id=1576510 o=node\" style=\"width:1px; height:1px; display:inline;\"><\/aimg><aimg src=\"https:\/\/aagenciabrasil.ebc.com.br\/ebc.agif?id=1576510 o=node\" style=\"width:1px; height:1px; display:inline;\"><\/aimg><\/p>\n<p>&#8220;Eu disse ao companheiro Pe\u00f1a que n\u00f3s vamos rediscutir a quest\u00e3o das tarifas da Itaipu. N\u00f3s temos diverg\u00eancia na tarifa, mas n\u00f3s estamos dispostos a encontrar uma solu\u00e7\u00e3o conjuntamente, e nos pr\u00f3ximos dias n\u00f3s vamos voltar a fazer uma reuni\u00e3o. Agora \u00e9 o Brasil que tem que ir a Assun\u00e7\u00e3o para que a gente possa continuar as tratativas para encontrar uma solu\u00e7\u00e3o definitiva&#8221;, destacou Lula. &#8220;Eu tenho interesse que isso seja feito o mais r\u00e1pido poss\u00edvel e que a gente possa trabalhar para apresentar uma solu\u00e7\u00e3o definitiva de novas rela\u00e7\u00f5es entre Paraguai e Brasil na gest\u00e3o da nossa importante Itaipu&#8221;, observou.<\/p>\n<p>Em abril do ano passado, o governo anunciou que o Conselho de Administra\u00e7\u00e3o de Itaipu havia aprovado o valor de US$ 16,71 por quilowatt, no que teria sido um consenso entre conselheiros brasileiros e paraguaios. Pouco depois, contudo, Pe\u00f1a foi eleito presidente. Ele j\u00e1 deu declara\u00e7\u00f5es p\u00fablicas em defesa de um aumento do pre\u00e7o da energia vendida ao Brasil.<\/p>\n<p>Essa foi ao menos a quarta reuni\u00e3o entre Lula e Pe\u00f1a desde o ano passado. Em todas, o tema do pre\u00e7o da energia de Itaipu esteve no centro da conversa, embora at\u00e9 o momento nenhum dos dois pa\u00edses tenha anunciado um acordo sobre o tema.<\/p>\n<p>Ap\u00f3s 50 anos, Brasil e Paraguai trabalham para a revis\u00e3o do Anexo C do Tratado de Itaipu, que disp\u00f5e sobre as bases financeiras e de presta\u00e7\u00e3o dos servi\u00e7os de eletricidade do empreendimento. A empresa binacional conta com or\u00e7amento anual de cerca de US$ 3,5 bilh\u00f5es, dos quais quase 70% destinavam-se ao pagamento da d\u00edvida do Paraguai com a constru\u00e7\u00e3o da hidrel\u00e9trica no Rio Paran\u00e1, que faz parte da fronteira entre os dois pa\u00edses. Com a quita\u00e7\u00e3o da d\u00edvida, em fevereiro deste do ano passado, o Anexo C poder\u00e1 ser revisado, conforme prev\u00ea o texto do pr\u00f3prio tratado. Nem toda a energia gerada por Itaipu \u00e9 consumida pelo Paraguai, e acaba sendo revendida ao Brasil. Por isso, o interesse dos vizinhos em aumentar o valor cobrado pela tarifa.<\/p>\n<p>&#8220;A vis\u00e3o do acordo foi a constru\u00e7\u00e3o, a opera\u00e7\u00e3o e o pagamento da d\u00edvida de Itaipu, e os objetivos foram alcan\u00e7ados. Foi constru\u00eddo, foi operado e a d\u00edvida foi paga. Tem muita gente que estudou os ganhos, as perdas, mas a hidrel\u00e9trica est\u00e1 l\u00e1, e \u00e9 uma das maiores do mundo. Sabemos que o maior desafio da nossa gera\u00e7\u00e3o \u00e9 a produ\u00e7\u00e3o de energia el\u00e9trica sustent\u00e1vel. Paraguai e Brasil s\u00e3o campe\u00f5es de gera\u00e7\u00e3o de energia el\u00e9trica [sustent\u00e1vel], mas temos que olhar para o futuro&#8221;, afirmou Pe\u00f1a sobre a reuni\u00e3o. O presidente paraguaio disse que a conversa foi &#8220;sincera, aberta e construtiva&#8221; e enfatizou que as posi\u00e7\u00f5es de ambos os pa\u00edses foram compartilhadas.<\/p>\n<h2>Ponte binacional<\/h2>\n<p>Durante a declara\u00e7\u00e3o \u00e0 imprensa, Lula mencionou o convite feito a Santiago Pe\u00f1a para uma visita conjunta dos dois a Porto Murtinho, em Mato Grosso do Sul, onde est\u00e1 sendo constru\u00edda uma nova ponte de integra\u00e7\u00e3o binacional entre os dois pa\u00edses.<\/p>\n<p>Do lado brasileiro, obra foi retomada no fim do ano passado, pela Uni\u00e3o, com investimento de R$ 472,4 milh\u00f5es, e prazo de 26 meses para sua conclus\u00e3o. Ser\u00e1 pavimentado um trecho de 13 quil\u00f4metros ligando a BR-267 ao acesso \u00e0 ponte, em um contorno rodovi\u00e1rio em Porto Murtinho at\u00e9 a cidade de paraguaia de Carmelo Peralta, onde est\u00e1 sendo erguida a parte da obra sob responsabilidade do pa\u00eds vizinho. Ainda est\u00e1 prevista, do lado brasileiro, a constru\u00e7\u00e3o de um centro aduaneiro.<\/p>\n<p class=\"alt-font font-italic my-2 small text-info\">\n                                                Edi\u00e7\u00e3o:   Juliana Andrade                    <\/p>\n<p>            <!-- blog End --><\/p>\n<p>            <!-- tag and share --><\/p>\n<p> Fonte: EBC <\/p>\n<input type=\"hidden\" id=\"baseurl\" value=\"https:\/\/noticiasdestaque.com.br\"><input type=\"hidden\" id=\"audio_nonce\" value=\"62ca87eee3\">","protected":false},"excerpt":{"rendered":"<p>Lula e Santiago Pe\u00f1a discutiram assunto durante reuni\u00e3o em Bras\u00edlia<\/p>\n","protected":false},"author":1,"featured_media":11983,"comment_status":"open","ping_status":"open","sticky":false,"template":"","format":"standard","meta":{"fifu_image_url":"","fifu_image_alt":"","footnotes":""},"categories":[1],"tags":[],"class_list":["post-11981","post","type-post","status-publish","format-standard","has-post-thumbnail","hentry","category-uncategorized"],"distributor_meta":false,"distributor_terms":false,"distributor_media":false,"distributor_original_site_name":"Noticias em Destaque","distributor_original_site_url":"https:\/\/noticiasdestaque.com.br","push-errors":false,"_links":{"self":[{"href":"https:\/\/noticiasdestaque.com.br\/index.php\/wp-json\/wp\/v2\/posts\/11981","targetHints":{"allow":["GET"]}}],"collection":[{"href":"https:\/\/noticiasdestaque.com.br\/index.php\/wp-json\/wp\/v2\/posts"}],"about":[{"href":"https:\/\/noticiasdestaque.com.br\/index.php\/wp-json\/wp\/v2\/types\/post"}],"author":[{"embeddable":true,"href":"https:\/\/noticiasdestaque.com.br\/index.php\/wp-json\/wp\/v2\/users\/1"}],"replies":[{"embeddable":true,"href":"https:\/\/noticiasdestaque.com.br\/index.php\/wp-json\/wp\/v2\/comments?post=11981"}],"version-history":[{"count":1,"href":"https:\/\/noticiasdestaque.com.br\/index.php\/wp-json\/wp\/v2\/posts\/11981\/revisions"}],"predecessor-version":[{"id":11982,"href":"https:\/\/noticiasdestaque.com.br\/index.php\/wp-json\/wp\/v2\/posts\/11981\/revisions\/11982"}],"wp:featuredmedia":[{"embeddable":true,"href":"https:\/\/noticiasdestaque.com.br\/index.php\/wp-json\/wp\/v2\/media\/11983"}],"wp:attachment":[{"href":"https:\/\/noticiasdestaque.com.br\/index.php\/wp-json\/wp\/v2\/media?parent=11981"}],"wp:term":[{"taxonomy":"category","embeddable":true,"href":"https:\/\/noticiasdestaque.com.br\/index.php\/wp-json\/wp\/v2\/categories?post=11981"},{"taxonomy":"post_tag","embeddable":true,"href":"https:\/\/noticiasdestaque.com.br\/index.php\/wp-json\/wp\/v2\/tags?post=11981"}],"curies":[{"name":"wp","href":"https:\/\/api.w.org\/{rel}","templated":true}]}}