{"id":11978,"date":"2024-01-16T09:05:00","date_gmt":"2024-01-16T09:05:00","guid":{"rendered":"https:\/\/noticiasdestaque.com.br\/index.php\/2024\/01\/16\/governo-federal-reconhece-emergencia-no-rio-por-causa-das-chuvas\/"},"modified":"2024-01-16T09:05:00","modified_gmt":"2024-01-16T09:05:00","slug":"governo-federal-reconhece-emergencia-no-rio-por-causa-das-chuvas","status":"publish","type":"post","link":"https:\/\/noticiasdestaque.com.br\/index.php\/2024\/01\/16\/governo-federal-reconhece-emergencia-no-rio-por-causa-das-chuvas\/","title":{"rendered":"Governo federal reconhece emerg\u00eancia no Rio por causa das chuvas"},"content":{"rendered":"<style> bloco.meta {font-style: italic; color: #666;font-weight: 600;font-size: .8em; \/* line-height: .3em; *\/}  text h2 { font-weight: 700 !important;  color: #062f46 !important;} text img { width: none; left: none;}<\/style>\n<\/p>\n<p>O governo federal reconheceu nesta segunda-feira (15) situa\u00e7\u00e3o de emerg\u00eancia na cidade do Rio de Janeiro e em mais tr\u00eas munic\u00edpios fluminenses \u2013 Belford Roxo, Nova Igua\u00e7u e S\u00e3o Jo\u00e3o do Meriti \u2013 atingidos por fortes chuvas neste fim de semana. <aimg src=\"https:\/\/aagenciabrasil.ebc.com.br\/ebc.apng?id=1576503 o=node\" style=\"width:1px; height:1px; display:inline;\"><\/aimg><aimg src=\"https:\/\/aagenciabrasil.ebc.com.br\/ebc.agif?id=1576503 o=node\" style=\"width:1px; height:1px; display:inline;\"><\/aimg><\/p>\n<p>Com a medida, os munic\u00edpios podem solicitar recursos federais para a\u00e7\u00f5es de apoio \u00e0 popula\u00e7\u00e3o, como reconstru\u00e7\u00e3o de ruas, vias e casas destru\u00eddas pelos temporais.  <\/p>\n<p>Em 24 horas, as tempestades causaram <a href=\"https:\/\/agenciabrasil.ebc.com.br\/geral\/noticia\/2024-01\/chuvas-que-atingiram-o-rio-de-janeiro-eram-previstas-diz-inmet\" target=\"_blank\">12 mortes<\/a> e deixaram 600 pessoas desalojadas, al\u00e9m de inunda\u00e7\u00f5es, alagamentos, cortes de \u00e1rvores, desabamentos e deslizamentos.<\/p>\n<p>Uma comitiva de ministros ir\u00e1 ao Rio nesta ter\u00e7a-feira (16), por determina\u00e7\u00e3o do presidente Luiz In\u00e1cio Lula da Silva, para verificar as \u00e1reas afetadas. A equipe \u00e9 composta pelos ministros Waldez G\u00f3es (Integra\u00e7\u00e3o e Desenvolvimento Regional), Anielle Franco (Igualdade Racial), Jo\u00e3o Paulo Capobianco (substituto do Meio Ambiente) e Osmar Almeida J\u00fanior (substituto do Desenvolvimento e Assist\u00eancia Social).  <\/p>\n<p>Eles v\u00e3o se reunir com o governador Cl\u00e1udio Casto e com os prefeitos das cidades afetadas.<\/p>\n<p class=\"alt-font font-italic my-2 small text-info\">\n                                                Edi\u00e7\u00e3o:   N\u00e1dia Franco                    <\/p>\n<p>            <!-- blog End --><\/p>\n<p>            <!-- tag and share --><\/p>\n<p> Fonte: EBC <\/p>\n<input type=\"hidden\" id=\"baseurl\" value=\"https:\/\/noticiasdestaque.com.br\"><input type=\"hidden\" id=\"audio_nonce\" value=\"62ca87eee3\">","protected":false},"excerpt":{"rendered":"<p>Medida beneficia a capital e mais tr\u00eas munic\u00edpios<\/p>\n","protected":false},"author":1,"featured_media":11980,"comment_status":"open","ping_status":"open","sticky":false,"template":"","format":"standard","meta":{"fifu_image_url":"","fifu_image_alt":"","footnotes":""},"categories":[1],"tags":[106],"class_list":["post-11978","post","type-post","status-publish","format-standard","has-post-thumbnail","hentry","category-uncategorized","tag-brunna-pareja"],"distributor_meta":false,"distributor_terms":false,"distributor_media":false,"distributor_original_site_name":"Noticias em Destaque","distributor_original_site_url":"https:\/\/noticiasdestaque.com.br","push-errors":false,"_links":{"self":[{"href":"https:\/\/noticiasdestaque.com.br\/index.php\/wp-json\/wp\/v2\/posts\/11978","targetHints":{"allow":["GET"]}}],"collection":[{"href":"https:\/\/noticiasdestaque.com.br\/index.php\/wp-json\/wp\/v2\/posts"}],"about":[{"href":"https:\/\/noticiasdestaque.com.br\/index.php\/wp-json\/wp\/v2\/types\/post"}],"author":[{"embeddable":true,"href":"https:\/\/noticiasdestaque.com.br\/index.php\/wp-json\/wp\/v2\/users\/1"}],"replies":[{"embeddable":true,"href":"https:\/\/noticiasdestaque.com.br\/index.php\/wp-json\/wp\/v2\/comments?post=11978"}],"version-history":[{"count":1,"href":"https:\/\/noticiasdestaque.com.br\/index.php\/wp-json\/wp\/v2\/posts\/11978\/revisions"}],"predecessor-version":[{"id":11979,"href":"https:\/\/noticiasdestaque.com.br\/index.php\/wp-json\/wp\/v2\/posts\/11978\/revisions\/11979"}],"wp:featuredmedia":[{"embeddable":true,"href":"https:\/\/noticiasdestaque.com.br\/index.php\/wp-json\/wp\/v2\/media\/11980"}],"wp:attachment":[{"href":"https:\/\/noticiasdestaque.com.br\/index.php\/wp-json\/wp\/v2\/media?parent=11978"}],"wp:term":[{"taxonomy":"category","embeddable":true,"href":"https:\/\/noticiasdestaque.com.br\/index.php\/wp-json\/wp\/v2\/categories?post=11978"},{"taxonomy":"post_tag","embeddable":true,"href":"https:\/\/noticiasdestaque.com.br\/index.php\/wp-json\/wp\/v2\/tags?post=11978"}],"curies":[{"name":"wp","href":"https:\/\/api.w.org\/{rel}","templated":true}]}}