{"id":11972,"date":"2024-01-15T14:35:00","date_gmt":"2024-01-15T14:35:00","guid":{"rendered":"https:\/\/noticiasdestaque.com.br\/index.php\/2024\/01\/15\/industria-mineira-avanca-de-olho-na-sustentabilidade\/"},"modified":"2024-01-15T14:35:00","modified_gmt":"2024-01-15T14:35:00","slug":"industria-mineira-avanca-de-olho-na-sustentabilidade","status":"publish","type":"post","link":"https:\/\/noticiasdestaque.com.br\/index.php\/2024\/01\/15\/industria-mineira-avanca-de-olho-na-sustentabilidade\/","title":{"rendered":"Ind\u00fastria mineira avan\u00e7a, de olho na sustentabilidade"},"content":{"rendered":"<p>Industrializa\u00e7\u00e3o e sustentabilidade podem andar juntas e na mesma dire\u00e7\u00e3o. Pelo menos \u00e9 o exemplo que Minas Gerais vem dando ao mundo. A ind\u00fastria mineira gera, por ano, R$ 166 bilh\u00f5es, o que equivale a 11,2% da ind\u00fastria de todo o Brasil. O destaque \u00e9 o setor de minera\u00e7\u00e3o, que representa 17,2% de toda a atividade do estado. <\/p>\n<p>Para desmistificar a ideia de que a minera\u00e7\u00e3o destr\u00f3i o meio ambiente, o presidente da Federa\u00e7\u00e3o das Ind\u00fastrias de Minas Gerais (FIEMG), Fl\u00e1vio Roscoe, apresentou um estudo que analisou 500 mil hectares onde s\u00e3o desenvolvidas atividades de minera\u00e7\u00e3o. Segundo a entidade, os resultados mostram que, nos munic\u00edpios onde h\u00e1 extra\u00e7\u00e3o mineral, 53% da mata nativa est\u00e1 preservada. <\/p>\n<p>Roscoe avalia que os dados provam que a minera\u00e7\u00e3o n\u00e3o est\u00e1 relacionada \u00e0 devasta\u00e7\u00e3o ambiental. S\u00f3 nas \u00e1reas de minera\u00e7\u00e3o temos 54 milh\u00f5es de toneladas de CO2 estocadas nas \u00e1reas preservadas. Esse estoque \u00e9 equivalente a dois anos e meio da emiss\u00e3o de gases CO2 de toda a ind\u00fastria mineira.\u201d<\/p>\n<h2>INVESTIMENTO E PESQUISA<\/h2>\n<p>Para ajudar as empresas a cumprir compromissos globais de baixa emiss\u00e3o de gases de efeito estufa, a FIEMG lan\u00e7ou o primeiro Centro de Tecnologia e Descarboniza\u00e7\u00e3o da Am\u00e9rica Latina (CIT\/Senai). A iniciativa tem apoio da Confedera\u00e7\u00e3o Nacional da Ind\u00fastria (CNI), que incentiva a descarboniza\u00e7\u00e3o do setor por meio de estrat\u00e9gia focada em 4 pilares: transi\u00e7\u00e3o energ\u00e9tica, mercado de carbono, economia circular e conserva\u00e7\u00e3o florestal.  <\/p>\n<p>A constru\u00e7\u00e3o do centro contou com investimento de R$ 34 milh\u00f5es, al\u00e9m de mais R$ 175 milh\u00f5es em projetos. O CIT\/Senai vai atuar em quatro eixos: biocombust\u00edveis e combust\u00edveis sustent\u00e1veis; implementa\u00e7\u00e3o de tecnologias de hidrog\u00eanio; captura e utiliza\u00e7\u00e3o de CO2 e inova\u00e7\u00e3o na produ\u00e7\u00e3o de a\u00e7o.<\/p>\n<p>\u201cO que n\u00f3s queremos \u00e9, em conjunto com as ind\u00fastrias, desenvolver as tecnologias aplicadas aos setores industriais de Minas Gerais que sejam disruptivas e permitam com que as empresas atinjam a meta at\u00e9 2050&#8243;, enfatiza o presidente da FIEMG.\n <\/p>\n<\/p>\n<p> Fonte: Brasil61<\/p>\n<input type=\"hidden\" id=\"baseurl\" value=\"https:\/\/noticiasdestaque.com.br\"><input type=\"hidden\" id=\"audio_nonce\" value=\"9fd43fe80e\">","protected":false},"excerpt":{"rendered":"<p>Preserva\u00e7\u00e3o do meio ambiente e investimento em pesquisa para a descarboniza\u00e7\u00e3o do setor minerador est\u00e3o entre as prioridades da ind\u00fastria em MG<\/p>\n","protected":false},"author":1,"featured_media":11974,"comment_status":"open","ping_status":"open","sticky":false,"template":"","format":"standard","meta":{"fifu_image_url":"","fifu_image_alt":"","footnotes":""},"categories":[1],"tags":[107],"class_list":["post-11972","post","type-post","status-publish","format-standard","has-post-thumbnail","hentry","category-uncategorized","tag-closer-vendedor-milionario"],"distributor_meta":false,"distributor_terms":false,"distributor_media":false,"distributor_original_site_name":"Noticias em Destaque","distributor_original_site_url":"https:\/\/noticiasdestaque.com.br","push-errors":false,"_links":{"self":[{"href":"https:\/\/noticiasdestaque.com.br\/index.php\/wp-json\/wp\/v2\/posts\/11972","targetHints":{"allow":["GET"]}}],"collection":[{"href":"https:\/\/noticiasdestaque.com.br\/index.php\/wp-json\/wp\/v2\/posts"}],"about":[{"href":"https:\/\/noticiasdestaque.com.br\/index.php\/wp-json\/wp\/v2\/types\/post"}],"author":[{"embeddable":true,"href":"https:\/\/noticiasdestaque.com.br\/index.php\/wp-json\/wp\/v2\/users\/1"}],"replies":[{"embeddable":true,"href":"https:\/\/noticiasdestaque.com.br\/index.php\/wp-json\/wp\/v2\/comments?post=11972"}],"version-history":[{"count":1,"href":"https:\/\/noticiasdestaque.com.br\/index.php\/wp-json\/wp\/v2\/posts\/11972\/revisions"}],"predecessor-version":[{"id":11973,"href":"https:\/\/noticiasdestaque.com.br\/index.php\/wp-json\/wp\/v2\/posts\/11972\/revisions\/11973"}],"wp:featuredmedia":[{"embeddable":true,"href":"https:\/\/noticiasdestaque.com.br\/index.php\/wp-json\/wp\/v2\/media\/11974"}],"wp:attachment":[{"href":"https:\/\/noticiasdestaque.com.br\/index.php\/wp-json\/wp\/v2\/media?parent=11972"}],"wp:term":[{"taxonomy":"category","embeddable":true,"href":"https:\/\/noticiasdestaque.com.br\/index.php\/wp-json\/wp\/v2\/categories?post=11972"},{"taxonomy":"post_tag","embeddable":true,"href":"https:\/\/noticiasdestaque.com.br\/index.php\/wp-json\/wp\/v2\/tags?post=11972"}],"curies":[{"name":"wp","href":"https:\/\/api.w.org\/{rel}","templated":true}]}}