{"id":11939,"date":"2024-01-10T15:31:00","date_gmt":"2024-01-10T15:31:00","guid":{"rendered":"https:\/\/noticiasdestaque.com.br\/index.php\/2024\/01\/10\/ano-de-e-o-mais-quente-da-serie-historica-no-brasil\/"},"modified":"2024-01-10T15:31:00","modified_gmt":"2024-01-10T15:31:00","slug":"ano-de-e-o-mais-quente-da-serie-historica-no-brasil","status":"publish","type":"post","link":"https:\/\/noticiasdestaque.com.br\/index.php\/2024\/01\/10\/ano-de-e-o-mais-quente-da-serie-historica-no-brasil\/","title":{"rendered":"Ano de 2023 \u00e9 o mais quente da s\u00e9rie hist\u00f3rica no Brasil"},"content":{"rendered":"<style> bloco.meta {font-style: italic; color: #666;font-weight: 600;font-size: .8em; \/* line-height: .3em; *\/}  text h2 { font-weight: 700 !important;  color: #062f46 !important;} text img { width: none; left: none;}<\/style>\n<\/p>\n<p>O ano de 2023 \u00e9 o mais quente da hist\u00f3ria do planeta, segundo dados da Organiza\u00e7\u00e3o Meteorol\u00f3gica Mundial (OMM). No Brasil, a m\u00e9dia das temperaturas do ano ficou em 24,92\u00baC, sendo 0,69\u00b0C acima da m\u00e9dia hist\u00f3rica de 1991\/2020, que \u00e9 24,23\u00b0C. Em 2022, a m\u00e9dia anual foi de 24,07\u00baC, 0,16\u00baC abaixo da m\u00e9dia hist\u00f3rica.<aimg src=\"https:\/\/aagenciabrasil.ebc.com.br\/ebc.apng?id=1575933 o=node\" style=\"width:1px; height:1px; display:inline;\"><\/aimg><aimg src=\"https:\/\/aagenciabrasil.ebc.com.br\/ebc.agif?id=1575933 o=node\" style=\"width:1px; height:1px; display:inline;\"><\/aimg><\/p>\n<p>Segundo levantamento do Instituto Nacional de Meteorologia (Inmet), dos 12 meses do ano de 2023, nove tiveram m\u00e9dias mensais de temperatura acima da m\u00e9dia hist\u00f3rica (1991\/2020), com destaque para setembro, que apresentou maior desvio (diferen\u00e7a entre o valor registrado e a m\u00e9dia hist\u00f3rica) desde 1961, com 1,6\u00baC acima da climatologia de 1991\/2020 (m\u00e9dia hist\u00f3rica).<\/p>\n<p>Ao longo do ano, o Brasil enfrentou nove epis\u00f3dios de onda de calor, reflexo dos impactos do fen\u00f4meno <em>El Ni\u00f1o<\/em> (aquecimento acima da m\u00e9dia das \u00e1guas do Oceano Pac\u00edfico Equatorial), que tende a favorecer o aumento da temperatura em v\u00e1rias regi\u00f5es do planeta. Al\u00e9m disso, segundo o Inmet, outros fatores t\u00eam contribu\u00eddo para a ocorr\u00eancia de eventos cada vez mais extremos, como o aumento da temperatura global da superf\u00edcie terrestre e dos oceanos.<\/p>\n<p>Ap\u00f3s an\u00e1lise dos desvios de temperaturas m\u00e9dias anuais do Brasil desde 1961 a 2023, o Inmet verificou uma tend\u00eancia de aumento estatisticamente significativo das temperaturas ao longo dos anos, que pode estar associada \u00e0 mudan\u00e7a no clima em decorr\u00eancia da eleva\u00e7\u00e3o da temperatura global e mudan\u00e7as ambientais locais.<\/p>\n<p>As temperaturas mais elevadas foram observadas no sul do Par\u00e1, Mato Grosso, sul de Mato Grosso do Sul, Paran\u00e1, Rio Grande do Sul, \u00e1reas de Minas Gerais, Goi\u00e1s, Bahia, Pernambuco e Cear\u00e1.<\/p>\n<h2>Temperatura global<\/h2>\n<p>De acordo com a vers\u00e3o provis\u00f3ria do Estado Global do Clima 2023, publicada pela OMM, em 30 de novembro de 2023, a temperatura m\u00e9dia da superf\u00edcie global ficou 1,4\u00b0C acima da m\u00e9dia hist\u00f3rica de 1850\/1900, at\u00e9 outubro do ano passado.<\/p>\n<p>Com este valor, o ano de 2023 j\u00e1 \u00e9 considerado o mais quente em 174 anos de medi\u00e7\u00f5es meteorol\u00f3gicas, superando os anos de 2016, com 1,29\u00b0C acima da m\u00e9dia, e 2020, com 1,27\u00b0C acima da m\u00e9dia.<\/p>\n<p>Ontem (9), o <a href=\"https:\/\/agenciabrasil.ebc.com.br\/internacional\/noticia\/2024-01\/ue-2023-foi-ano-mais-quente-ja-registrado-no-mundo-dizem-cientistas\" target=\"_blank\">Servi\u00e7o de Mudan\u00e7as Clim\u00e1ticas Copernicus<\/a>, da Uni\u00e3o Europeia, confirmou que o ano passado foi o mais quente registrado no planeta e provavelmente o mais quente do mundo nos \u00faltimos 100 mil anos.<\/p>\n<p class=\"alt-font font-italic my-2 small text-info\">\n                                                Edi\u00e7\u00e3o:   Val\u00e9ria Aguiar                    <\/p>\n<p>            <!-- blog End --><\/p>\n<p>            <!-- tag and share --><\/p>\n<p> Fonte: EBC <\/p>\n<input type=\"hidden\" id=\"baseurl\" value=\"https:\/\/noticiasdestaque.com.br\"><input type=\"hidden\" id=\"audio_nonce\" value=\"9fd43fe80e\">","protected":false},"excerpt":{"rendered":"<p>Temperaturas no pa\u00eds ficou 0,69\u00b0C acima da m\u00e9dia<\/p>\n","protected":false},"author":1,"featured_media":11941,"comment_status":"open","ping_status":"open","sticky":false,"template":"","format":"standard","meta":{"fifu_image_url":"","fifu_image_alt":"","footnotes":""},"categories":[1],"tags":[106],"class_list":["post-11939","post","type-post","status-publish","format-standard","has-post-thumbnail","hentry","category-uncategorized","tag-brunna-pareja"],"distributor_meta":false,"distributor_terms":false,"distributor_media":false,"distributor_original_site_name":"Noticias em Destaque","distributor_original_site_url":"https:\/\/noticiasdestaque.com.br","push-errors":false,"_links":{"self":[{"href":"https:\/\/noticiasdestaque.com.br\/index.php\/wp-json\/wp\/v2\/posts\/11939","targetHints":{"allow":["GET"]}}],"collection":[{"href":"https:\/\/noticiasdestaque.com.br\/index.php\/wp-json\/wp\/v2\/posts"}],"about":[{"href":"https:\/\/noticiasdestaque.com.br\/index.php\/wp-json\/wp\/v2\/types\/post"}],"author":[{"embeddable":true,"href":"https:\/\/noticiasdestaque.com.br\/index.php\/wp-json\/wp\/v2\/users\/1"}],"replies":[{"embeddable":true,"href":"https:\/\/noticiasdestaque.com.br\/index.php\/wp-json\/wp\/v2\/comments?post=11939"}],"version-history":[{"count":1,"href":"https:\/\/noticiasdestaque.com.br\/index.php\/wp-json\/wp\/v2\/posts\/11939\/revisions"}],"predecessor-version":[{"id":11940,"href":"https:\/\/noticiasdestaque.com.br\/index.php\/wp-json\/wp\/v2\/posts\/11939\/revisions\/11940"}],"wp:featuredmedia":[{"embeddable":true,"href":"https:\/\/noticiasdestaque.com.br\/index.php\/wp-json\/wp\/v2\/media\/11941"}],"wp:attachment":[{"href":"https:\/\/noticiasdestaque.com.br\/index.php\/wp-json\/wp\/v2\/media?parent=11939"}],"wp:term":[{"taxonomy":"category","embeddable":true,"href":"https:\/\/noticiasdestaque.com.br\/index.php\/wp-json\/wp\/v2\/categories?post=11939"},{"taxonomy":"post_tag","embeddable":true,"href":"https:\/\/noticiasdestaque.com.br\/index.php\/wp-json\/wp\/v2\/tags?post=11939"}],"curies":[{"name":"wp","href":"https:\/\/api.w.org\/{rel}","templated":true}]}}