{"id":11936,"date":"2024-01-10T14:31:00","date_gmt":"2024-01-10T14:31:00","guid":{"rendered":"https:\/\/noticiasdestaque.com.br\/index.php\/2024\/01\/10\/lider-de-faccao-gaucha-e-preso-no-rio-de-janeiro\/"},"modified":"2024-01-10T14:31:00","modified_gmt":"2024-01-10T14:31:00","slug":"lider-de-faccao-gaucha-e-preso-no-rio-de-janeiro","status":"publish","type":"post","link":"https:\/\/noticiasdestaque.com.br\/index.php\/2024\/01\/10\/lider-de-faccao-gaucha-e-preso-no-rio-de-janeiro\/","title":{"rendered":"L\u00edder de fac\u00e7\u00e3o ga\u00facha \u00e9 preso no Rio de Janeiro"},"content":{"rendered":"<style> bloco.meta {font-style: italic; color: #666;font-weight: 600;font-size: .8em; \/* line-height: .3em; *\/}  text h2 { font-weight: 700 !important;  color: #062f46 !important;} text img { width: none; left: none;}<\/style>\n<\/p>\n<p>A Pol\u00edcia Federal informou ter localizado e prendido nesta ter\u00e7a-feira (10), em um apartamento localizado no bairro carioca de Copacabana, o l\u00edder de uma fac\u00e7\u00e3o que atua na regi\u00e3o da Serra Ga\u00facha. Apesar de n\u00e3o informar o nome do preso nem a fac\u00e7\u00e3o da qual ele \u00e9 integrante, a PF afirma que trata-se de \u201cum dos criminosos mais procurados pelas for\u00e7as de seguran\u00e7a na regi\u00e3o\u201d.<aimg src=\"https:\/\/aagenciabrasil.ebc.com.br\/ebc.apng?id=1575931 o=node\" style=\"width:1px; height:1px; display:inline;\"><\/aimg><aimg src=\"https:\/\/aagenciabrasil.ebc.com.br\/ebc.agif?id=1575931 o=node\" style=\"width:1px; height:1px; display:inline;\"><\/aimg><\/p>\n<p>Segundo os investigadores, o indiv\u00edduo preso \u00e9 considerado de alta periculosidade e j\u00e1 havia sido condenado a 30 anos de reclus\u00e3o por tr\u00eas homic\u00eddios duplamente qualificados e uma tentativa de homic\u00eddio duplamente qualificado, ocorridos na cidade de Caxias do Sul.<\/p>\n<p>Ele responde tamb\u00e9m a mais cinco processos criminais. De acordo com a PF, \u00e9 acusado de ter cometido mais dois homic\u00eddios, tr\u00eas tentativas de homic\u00eddio qualificado, evas\u00e3o mediante viol\u00eancia contra a pessoa (fuga de pres\u00eddio), posse ou porte ilegal de arma de fogo de uso restrito (duas vezes), tr\u00e1fico de drogas, associa\u00e7\u00e3o para o tr\u00e1fico, corrup\u00e7\u00e3o ativa e favorecimento real.<\/p>\n<p>\u201cEm janeiro de 2020, o homem havia sido beneficiado pela progress\u00e3o de regime para cumprimento do restante em regime semiaberto, com o uso de tornozeleira eletr\u00f4nica, mas pouco tempo depois rompeu o dispositivo e fugiu\u201d, informou em nota a Pol\u00edcia Federal.<\/p>\n<p>A localiza\u00e7\u00e3o e pris\u00e3o do criminoso, que usava nome falso, foi poss\u00edvel gra\u00e7as a um interc\u00e2mbio de informa\u00e7\u00f5es envolvendo as pol\u00edcias Federal e Civil e a Brigada Militar do Rio Grande do Sul. Ele ser\u00e1 conduzido ao sistema penitenci\u00e1rio do Rio de Janeiro, ap\u00f3s finalizados os procedimentos legais.<\/p>\n<p class=\"alt-font font-italic my-2 small text-info\">\n                                                Edi\u00e7\u00e3o:   Gra\u00e7a Adjuto                    <\/p>\n<p>            <!-- blog End --><\/p>\n<p>            <!-- tag and share --><\/p>\n<p> Fonte: EBC <\/p>\n<input type=\"hidden\" id=\"baseurl\" value=\"https:\/\/noticiasdestaque.com.br\"><input type=\"hidden\" id=\"audio_nonce\" value=\"9fd43fe80e\">","protected":false},"excerpt":{"rendered":"<p>Criminoso \u00e9 um dos mais procurados na Serra Ga\u00facha<\/p>\n","protected":false},"author":1,"featured_media":11938,"comment_status":"open","ping_status":"open","sticky":false,"template":"","format":"standard","meta":{"fifu_image_url":"","fifu_image_alt":"","footnotes":""},"categories":[1],"tags":[106],"class_list":["post-11936","post","type-post","status-publish","format-standard","has-post-thumbnail","hentry","category-uncategorized","tag-brunna-pareja"],"distributor_meta":false,"distributor_terms":false,"distributor_media":false,"distributor_original_site_name":"Noticias em Destaque","distributor_original_site_url":"https:\/\/noticiasdestaque.com.br","push-errors":false,"_links":{"self":[{"href":"https:\/\/noticiasdestaque.com.br\/index.php\/wp-json\/wp\/v2\/posts\/11936","targetHints":{"allow":["GET"]}}],"collection":[{"href":"https:\/\/noticiasdestaque.com.br\/index.php\/wp-json\/wp\/v2\/posts"}],"about":[{"href":"https:\/\/noticiasdestaque.com.br\/index.php\/wp-json\/wp\/v2\/types\/post"}],"author":[{"embeddable":true,"href":"https:\/\/noticiasdestaque.com.br\/index.php\/wp-json\/wp\/v2\/users\/1"}],"replies":[{"embeddable":true,"href":"https:\/\/noticiasdestaque.com.br\/index.php\/wp-json\/wp\/v2\/comments?post=11936"}],"version-history":[{"count":1,"href":"https:\/\/noticiasdestaque.com.br\/index.php\/wp-json\/wp\/v2\/posts\/11936\/revisions"}],"predecessor-version":[{"id":11937,"href":"https:\/\/noticiasdestaque.com.br\/index.php\/wp-json\/wp\/v2\/posts\/11936\/revisions\/11937"}],"wp:featuredmedia":[{"embeddable":true,"href":"https:\/\/noticiasdestaque.com.br\/index.php\/wp-json\/wp\/v2\/media\/11938"}],"wp:attachment":[{"href":"https:\/\/noticiasdestaque.com.br\/index.php\/wp-json\/wp\/v2\/media?parent=11936"}],"wp:term":[{"taxonomy":"category","embeddable":true,"href":"https:\/\/noticiasdestaque.com.br\/index.php\/wp-json\/wp\/v2\/categories?post=11936"},{"taxonomy":"post_tag","embeddable":true,"href":"https:\/\/noticiasdestaque.com.br\/index.php\/wp-json\/wp\/v2\/tags?post=11936"}],"curies":[{"name":"wp","href":"https:\/\/api.w.org\/{rel}","templated":true}]}}