{"id":11933,"date":"2024-01-10T13:31:00","date_gmt":"2024-01-10T13:31:00","guid":{"rendered":"https:\/\/noticiasdestaque.com.br\/index.php\/2024\/01\/10\/nova-reitora-da-uerj-quer-garantir-autonomia-para-a-instituicao\/"},"modified":"2024-01-10T13:31:00","modified_gmt":"2024-01-10T13:31:00","slug":"nova-reitora-da-uerj-quer-garantir-autonomia-para-a-instituicao","status":"publish","type":"post","link":"https:\/\/noticiasdestaque.com.br\/index.php\/2024\/01\/10\/nova-reitora-da-uerj-quer-garantir-autonomia-para-a-instituicao\/","title":{"rendered":"Nova reitora da Uerj quer garantir autonomia para a institui\u00e7\u00e3o"},"content":{"rendered":"<style> bloco.meta {font-style: italic; color: #666;font-weight: 600;font-size: .8em; \/* line-height: .3em; *\/}  text h2 { font-weight: 700 !important;  color: #062f46 !important;} text img { width: none; left: none;}<\/style>\n<\/p>\n<p>A professora Gulnar Azevedo, do Instituto de Medicina Social Hesio Cordeiro (IMS), toma posse nessa quarta-feira (10), \u00e0s 11h, como reitora da Universidade do Estado do Rio de Janeiro (Uerj), em solenidade a ser realizada no Pal\u00e1cio Guanabara, na presen\u00e7a do governador fluminense, Cl\u00e1udio Castro. O pr\u00f3-reitor ser\u00e1 o professor Bruno Deusdar\u00e1, do Instituto de Letras (ILE). Os dois foram eleitos pela comunidade acad\u00eamica, em segundo turno, com 55,1% dos pontos, e conduzir\u00e3o a universidade no per\u00edodo 2024\/2027. A cerim\u00f4nia de transmiss\u00e3o de cargo est\u00e1 prevista para o dia 19, \u00e0s 10h, no Teatro Odylo Costa, filho, no <em>campus<\/em> Maracan\u00e3.<aimg src=\"https:\/\/aagenciabrasil.ebc.com.br\/ebc.apng?id=1575862 o=node\" style=\"width:1px; height:1px; display:inline;\"><\/aimg><aimg src=\"https:\/\/aagenciabrasil.ebc.com.br\/ebc.agif?id=1575862 o=node\" style=\"width:1px; height:1px; display:inline;\"><\/aimg><\/p>\n<p>Falando nesta ter\u00e7a-feira (9) \u00e0 <strong>R\u00e1dio Nacional<\/strong> e \u00e0 <strong>Ag\u00eancia Brasil<\/strong>, ve\u00edculos da <strong>Empresa Brasil de Comunica\u00e7\u00e3o (EBC)<\/strong>, Gulnar Azevedo informou que a prioridade m\u00e1xima estabelecida pela nova gest\u00e3o \u00e9 garantir autonomia financeira, administrativa e acad\u00eamica na universidade. \u201cNesse sentido, a gente est\u00e1 trabalhando bastante para que possa ter garantia do nosso financiamento para poder tocar os in\u00fameros cursos que a universidade tem e os v\u00e1rios<em> campi<\/em> espalhados pelo estado e dentro do pr\u00f3prio munic\u00edpio do Rio de Janeiro. O potencial \u00e9 enorme e a gente precisa ter garantia de sustentabilidade para nossas a\u00e7\u00f5es\u201d. A ideia \u00e9 ampliar a Uerj, mas com estrutura suficiente para manter o que j\u00e1 foi constru\u00eddo at\u00e9 agora.<\/p>\n<p>A nova reitora pretende cuidar com aten\u00e7\u00e3o da quest\u00e3o da acessibilidade e da maior inclus\u00e3o, favorecendo tamb\u00e9m pessoas com dificuldade financeira para que tenham acesso \u00e0 universidade. \u201cDesburocratizar o ingresso na universidade, favorecendo que as pessoas tenham de fato acesso, e garantir a perman\u00eancia dos nossos estudantes e o melhor conv\u00edvio dos nossos t\u00e9cnicos. S\u00e3o nossas prioridades\u201d. Outra meta \u00e9 ampliar a pol\u00edtica de assist\u00eancia estudantil e melhorar as condi\u00e7\u00f5es de trabalho salariais, incluindo a promo\u00e7\u00e3o de sa\u00fade, inclusive de sa\u00fade mental.<\/p>\n<h2>Perman\u00eancia<\/h2>\n<p>Para garantir a perman\u00eancia dos estudantes na Uerj, foi ampliado at\u00e9 dezembro o aux\u00edlio-alimenta\u00e7\u00e3o. Al\u00e9m disso, j\u00e1 foi assinado ato que reajustou, de acordo com o reajuste de sal\u00e1rio m\u00ednimo, o valor das bolsas para cotistas, que a Uerj d\u00e1 para estudantes que t\u00eam dificuldade financeira para continuarem na universidade. \u201cN\u00f3s reajustamos o valor da bolsa para R$ 706, para cada estudante que tem direito de receber tanto a bolsa de perman\u00eancia, como a bolsa de vulnerabilidade\u201d. A nova reitora disse que est\u00e1 trabalhando tamb\u00e9m para garantir acesso \u00e0 alimenta\u00e7\u00e3o em todos os <em>campi<\/em>. No <em>campus<\/em> Maracan\u00e3, j\u00e1 est\u00e1 sendo feita reforma para aumentar a oferta de refei\u00e7\u00f5es por dia. Gulnar est\u00e1 trabalhando tamb\u00e9m para que os outros<em> campi<\/em> da universidade (Friburgo, Resende, zona oeste do Rio, S\u00e3o Gon\u00e7alo, Caxias) tenham tamb\u00e9m acesso \u00e0 alimenta\u00e7\u00e3o.<\/p>\n<p>Ainda dentro das prioridades para os estudantes, Gulnar citou como de grande import\u00e2ncia a aprova\u00e7\u00e3o, pela Assembleia Legislativa do Rio de Janeiro (Alerj), da Lei de Assist\u00eancia Estudantil estadual. \u201cExiste a (lei) federal, mas n\u00e3o a estadual. Com isso, a gente n\u00e3o precisaria, todo m\u00eas, ficar tendo que negociar com o estado as bolsas. Porque, isso por lei, teria que acontecer.\u201d<\/p>\n<p>Para al\u00e9m das bolsas, a reitoria est\u00e1 procurando a\u00e7\u00f5es que ajudem a orienta\u00e7\u00e3o pedag\u00f3gica, o acolhimento dos estudantes, a assist\u00eancia psicossocial. \u201cA pr\u00f3-reitoria j\u00e1 vem trabalhando para garantir aos nossos estudantes a boa condi\u00e7\u00e3o de estar aqui, de vir para a aula e para todos os espa\u00e7os da Uerj, mas tamb\u00e9m vendo esse estudante no seu sentido geral: no que ele est\u00e1 com dificuldade hoje para se formar, como vai ser a inser\u00e7\u00e3o dele no mercado de trabalho.\u201d<\/p>\n<h2>Mulheres<\/h2>\n<p>Gulnar Azevedo ser\u00e1 a segunda mulher a exercer a reitoria da Uerj, em 73 anos de hist\u00f3ria da institui\u00e7\u00e3o. A primeira foi a tamb\u00e9m m\u00e9dica Nilcea Freire, entre 2000 e 2003. Na sua avalia\u00e7\u00e3o, as mulheres, cada vez mais, t\u00eam que estabelecer esse trabalho e ocupar esses cargos. \u201cA gente quer garantir uma presen\u00e7a feminina que seja uma presen\u00e7a marcante. Faz toda a diferen\u00e7a\u201d. Uma de suas a\u00e7\u00f5es ser\u00e1 a cria\u00e7\u00e3o da Superintend\u00eancia de Igualdade Racial e de G\u00eanero.<\/p>\n<h2>Mercado de trabalho<\/h2>\n<p>A nova dire\u00e7\u00e3o da universidade pretende identificar as necessidades existentes de forma\u00e7\u00e3o, vinculadas ao desenvolvimento do estado e, tamb\u00e9m \u00e0 possibilidade de inser\u00e7\u00e3o dos alunos formados no mercado de trabalho. \u201cA gente percebe que h\u00e1 uma grande dificuldade e quer contribuir com a possibilidade de as pessoas poderem n\u00e3o s\u00f3 vir para a universidade, ter acesso ao ensino superior, como se colocar, uma vez que tenham se formado, e ajud\u00e1-los nesse sentido.\u201d<\/p>\n<p>Gulnar assegurou que a Uerj tem que se aproximar do mundo do trabalho, pensar que cursos hoje precisam ser estimulados, ampliados inclusive, ou criados novos cursos. \u201cNesse sentido, a gente est\u00e1 trabalhando no nosso projeto acad\u00eamico e cient\u00edfico. Queremos tamb\u00e9m garantir boas condi\u00e7\u00f5es aqui para os nossos t\u00e9cnicos e docentes. Melhorar a administra\u00e7\u00e3o da Uerj e tamb\u00e9m do trabalho do dia a dia\u201d. Outra prioridade \u00e9 dar para a popula\u00e7\u00e3o fluminense uma forma\u00e7\u00e3o de qualidade, a partir da identifica\u00e7\u00e3o das lacunas existentes atualmente.<\/p>\n<h2>Parcerias<\/h2>\n<p>As parcerias da Uerj com universidades do mundo inteiro ser\u00e3o ampliadas pela nova gest\u00e3o. Nesse sentido, est\u00e1 sendo implementada a \u00e1rea internacional na institui\u00e7\u00e3o que vai viabilizar conv\u00eanios no n\u00edvel de gradua\u00e7\u00e3o e de p\u00f3s-gradua\u00e7\u00e3o. \u201cEstabelecer redes de pesquisa e interc\u00e2mbio. J\u00e1 come\u00e7amos a trabalhar nessa perspectiva\u201d. Para que isso ocorra, destacou a necessidade de garantir para os estudantes o acesso ao aprendizado de idiomas. \u201cPorque n\u00e3o adianta s\u00f3 estabelecermos tudo isso, se n\u00e3o h\u00e1 condi\u00e7\u00f5es de ter nossos estudantes podendo falar a l\u00edngua dos pa\u00edses para onde eles v\u00e3o. Aprendendo outros idiomas, eles estar\u00e3o aptos a fazer os interc\u00e2mbios.\u201d<\/p>\n<p>Do lado da pesquisa, a reitora quer fortalecer as redes internacionais j\u00e1 existentes na Uerj com a Inglaterra, Alemanha e Estados Unidos e, inclusive, abrir outras. Ela pretende intensificar conv\u00eanio como Jap\u00e3o e, tamb\u00e9m, fazer um trabalho mais pr\u00f3ximo com a China. \u201cTudo isso est\u00e1 sendo revisto, para ver o que pode ser incentivado, e fortalecer as \u00e1reas que permitem esse interc\u00e2mbio.\u201d<\/p>\n<p>H\u00e1 mais interesse, por parte da Uerj, em trabalhar com as universidades estrangeiras nas \u00e1reas tecnol\u00f3gica, de sa\u00fade, biom\u00e9dica, geologia, qu\u00edmica e, nas \u00e1reas humanas, em firmar conv\u00eanios nas \u00e1reas de letras e de ci\u00eancias sociais. \u201cAcho que a gente teria que pensar no que n\u00e3o temos agora e onde \u00e9 importante viabilizar. Isso fazendo em parceria tamb\u00e9m com as propostas que hoje o governo federal nos aponta, via nossas ag\u00eancias de fomento\u201d, concluiu Gulnar Azevedo.<\/p>\n<p class=\"alt-font font-italic my-2 small text-info\">\n                                                Edi\u00e7\u00e3o:   Val\u00e9ria Aguiar                    <\/p>\n<p>            <!-- blog End --><\/p>\n<p>            <!-- tag and share --><\/p>\n<p> Fonte: EBC <\/p>\n<input type=\"hidden\" id=\"baseurl\" value=\"https:\/\/noticiasdestaque.com.br\"><input type=\"hidden\" id=\"audio_nonce\" value=\"62ca87eee3\">","protected":false},"excerpt":{"rendered":"<p>Posse ser\u00e1 realizada nesta quarta \u00e0s 11h no Pal\u00e1cio Guanabara<\/p>\n","protected":false},"author":1,"featured_media":11935,"comment_status":"open","ping_status":"open","sticky":false,"template":"","format":"standard","meta":{"fifu_image_url":"","fifu_image_alt":"","footnotes":""},"categories":[1],"tags":[174],"class_list":["post-11933","post","type-post","status-publish","format-standard","has-post-thumbnail","hentry","category-uncategorized","tag-internacao-para-alcoolatras"],"distributor_meta":false,"distributor_terms":false,"distributor_media":false,"distributor_original_site_name":"Noticias em Destaque","distributor_original_site_url":"https:\/\/noticiasdestaque.com.br","push-errors":false,"_links":{"self":[{"href":"https:\/\/noticiasdestaque.com.br\/index.php\/wp-json\/wp\/v2\/posts\/11933","targetHints":{"allow":["GET"]}}],"collection":[{"href":"https:\/\/noticiasdestaque.com.br\/index.php\/wp-json\/wp\/v2\/posts"}],"about":[{"href":"https:\/\/noticiasdestaque.com.br\/index.php\/wp-json\/wp\/v2\/types\/post"}],"author":[{"embeddable":true,"href":"https:\/\/noticiasdestaque.com.br\/index.php\/wp-json\/wp\/v2\/users\/1"}],"replies":[{"embeddable":true,"href":"https:\/\/noticiasdestaque.com.br\/index.php\/wp-json\/wp\/v2\/comments?post=11933"}],"version-history":[{"count":1,"href":"https:\/\/noticiasdestaque.com.br\/index.php\/wp-json\/wp\/v2\/posts\/11933\/revisions"}],"predecessor-version":[{"id":11934,"href":"https:\/\/noticiasdestaque.com.br\/index.php\/wp-json\/wp\/v2\/posts\/11933\/revisions\/11934"}],"wp:featuredmedia":[{"embeddable":true,"href":"https:\/\/noticiasdestaque.com.br\/index.php\/wp-json\/wp\/v2\/media\/11935"}],"wp:attachment":[{"href":"https:\/\/noticiasdestaque.com.br\/index.php\/wp-json\/wp\/v2\/media?parent=11933"}],"wp:term":[{"taxonomy":"category","embeddable":true,"href":"https:\/\/noticiasdestaque.com.br\/index.php\/wp-json\/wp\/v2\/categories?post=11933"},{"taxonomy":"post_tag","embeddable":true,"href":"https:\/\/noticiasdestaque.com.br\/index.php\/wp-json\/wp\/v2\/tags?post=11933"}],"curies":[{"name":"wp","href":"https:\/\/api.w.org\/{rel}","templated":true}]}}