{"id":11930,"date":"2024-01-10T12:31:00","date_gmt":"2024-01-10T12:31:00","guid":{"rendered":"https:\/\/noticiasdestaque.com.br\/index.php\/2024\/01\/10\/cerca-de-mil-conselheiros-tutelares-tomam-posse-nesta-quarta-feira\/"},"modified":"2024-01-10T12:31:00","modified_gmt":"2024-01-10T12:31:00","slug":"cerca-de-mil-conselheiros-tutelares-tomam-posse-nesta-quarta-feira","status":"publish","type":"post","link":"https:\/\/noticiasdestaque.com.br\/index.php\/2024\/01\/10\/cerca-de-mil-conselheiros-tutelares-tomam-posse-nesta-quarta-feira\/","title":{"rendered":"Cerca de 30 mil conselheiros tutelares tomam posse nesta quarta-feira"},"content":{"rendered":"<style> bloco.meta {font-style: italic; color: #666;font-weight: 600;font-size: .8em; \/* line-height: .3em; *\/}  text h2 { font-weight: 700 !important;  color: #062f46 !important;} text img { width: none; left: none;}<\/style>\n<\/p>\n<p>Cerca de 30 mil conselheiros tutelares tomar\u00e3o posse nesta quarta-feira (10) nos mais de 5,5 mil munic\u00edpios brasileiros. Respons\u00e1veis por atender crian\u00e7as e adolescentes e tomar medidas para que sejam protegidas, conforme prev\u00ea o Estatuto da Crian\u00e7a e do Adolescente (ECA), esses conselheiros foram <a href=\"http:\/\/agenciabrasil.ebc.com.br\/direitos-humanos\/noticia\/2023-10\/conselhos-tutelares-mais-de-2-milhoes-foram-urnas-no-pais\" target=\"_blank\">eleitos<\/a> em outubro do ano passado.<aimg src=\"https:\/\/aagenciabrasil.ebc.com.br\/ebc.apng?id=1575797 o=node\" style=\"width:1px; height:1px; display:inline;\"><\/aimg><aimg src=\"https:\/\/aagenciabrasil.ebc.com.br\/ebc.agif?id=1575797 o=node\" style=\"width:1px; height:1px; display:inline;\"><\/aimg><\/p>\n<p>Para o secret\u00e1rio nacional dos Direitos da Crian\u00e7a e do Adolescente do Minist\u00e9rio dos Direitos Humanos e da Cidadania (MDHC), Cl\u00e1udio Augusto Vieira, essa posse representa \u201cmais do que uma cerim\u00f4nia formal, um compromisso coletivo com o futuro da na\u00e7\u00e3o, que refor\u00e7a a responsabilidade de todos na constru\u00e7\u00e3o de uma sociedade mais justa e segura para as gera\u00e7\u00f5es que est\u00e3o por vir\u201d.<\/p>\n<p>As elei\u00e7\u00f5es de outubro utilizaram, pela primeira vez em todo o territ\u00f3rio nacional, as urnas eletr\u00f4nicas, por meio de uma parceria com o Tribunal Superior Eleitoral (TSE). Al\u00e9m disso, gra\u00e7as a uma intensa campanha de comunica\u00e7\u00e3o, a mobiliza\u00e7\u00e3o resultou no comparecimento de mais de 3 milh\u00f5es de pessoas \u00e0s urnas, n\u00famero que representa aumento de 25,8% na participa\u00e7\u00e3o de eleitores das capitais do pa\u00eds, em rela\u00e7\u00e3o ao pleito ocorrido em 2019.<\/p>\n<p>Diante desse cen\u00e1rio, a expectativa do secret\u00e1rio nacional \u00e9 que as autoridades locais e a sociedade estejam \u201ccomprometidas em fornecer os recursos necess\u00e1rios para que os conselheiros tutelares desempenhem suas fun\u00e7\u00f5es de maneira eficaz\u201d.<\/p>\n<p>Nesse sentido, acrescenta, a integra\u00e7\u00e3o com outros \u00f3rg\u00e3os e a promo\u00e7\u00e3o de parcerias ser\u00e3o \u201cfundamentais para superar os desafios e fortalecer a rede de prote\u00e7\u00e3o \u00e0 inf\u00e2ncia e adolesc\u00eancia\u201d.<\/p>\n<p class=\"alt-font font-italic my-2 small text-info\">\n                                                Edi\u00e7\u00e3o:   Juliana Andrade                    <\/p>\n<p>            <!-- blog End --><\/p>\n<p>            <!-- tag and share --><\/p>\n<p> Fonte: EBC <\/p>\n<input type=\"hidden\" id=\"baseurl\" value=\"https:\/\/noticiasdestaque.com.br\"><input type=\"hidden\" id=\"audio_nonce\" value=\"62ca87eee3\">","protected":false},"excerpt":{"rendered":"<p>Elei\u00e7\u00e3o ocorreu em outubro do ano passado<\/p>\n","protected":false},"author":1,"featured_media":11932,"comment_status":"open","ping_status":"open","sticky":false,"template":"","format":"standard","meta":{"fifu_image_url":"","fifu_image_alt":"","footnotes":""},"categories":[1],"tags":[106],"class_list":["post-11930","post","type-post","status-publish","format-standard","has-post-thumbnail","hentry","category-uncategorized","tag-brunna-pareja"],"distributor_meta":false,"distributor_terms":false,"distributor_media":false,"distributor_original_site_name":"Noticias em Destaque","distributor_original_site_url":"https:\/\/noticiasdestaque.com.br","push-errors":false,"_links":{"self":[{"href":"https:\/\/noticiasdestaque.com.br\/index.php\/wp-json\/wp\/v2\/posts\/11930","targetHints":{"allow":["GET"]}}],"collection":[{"href":"https:\/\/noticiasdestaque.com.br\/index.php\/wp-json\/wp\/v2\/posts"}],"about":[{"href":"https:\/\/noticiasdestaque.com.br\/index.php\/wp-json\/wp\/v2\/types\/post"}],"author":[{"embeddable":true,"href":"https:\/\/noticiasdestaque.com.br\/index.php\/wp-json\/wp\/v2\/users\/1"}],"replies":[{"embeddable":true,"href":"https:\/\/noticiasdestaque.com.br\/index.php\/wp-json\/wp\/v2\/comments?post=11930"}],"version-history":[{"count":1,"href":"https:\/\/noticiasdestaque.com.br\/index.php\/wp-json\/wp\/v2\/posts\/11930\/revisions"}],"predecessor-version":[{"id":11931,"href":"https:\/\/noticiasdestaque.com.br\/index.php\/wp-json\/wp\/v2\/posts\/11930\/revisions\/11931"}],"wp:featuredmedia":[{"embeddable":true,"href":"https:\/\/noticiasdestaque.com.br\/index.php\/wp-json\/wp\/v2\/media\/11932"}],"wp:attachment":[{"href":"https:\/\/noticiasdestaque.com.br\/index.php\/wp-json\/wp\/v2\/media?parent=11930"}],"wp:term":[{"taxonomy":"category","embeddable":true,"href":"https:\/\/noticiasdestaque.com.br\/index.php\/wp-json\/wp\/v2\/categories?post=11930"},{"taxonomy":"post_tag","embeddable":true,"href":"https:\/\/noticiasdestaque.com.br\/index.php\/wp-json\/wp\/v2\/tags?post=11930"}],"curies":[{"name":"wp","href":"https:\/\/api.w.org\/{rel}","templated":true}]}}