{"id":11888,"date":"2024-01-10T12:25:00","date_gmt":"2024-01-10T12:25:00","guid":{"rendered":"https:\/\/noticiasdestaque.com.br\/index.php\/2024\/01\/10\/reacao-tardia-ou-ineficiente-do-condutor-e-a-principal-causa-de-acidentes-em\/"},"modified":"2024-01-10T12:25:00","modified_gmt":"2024-01-10T12:25:00","slug":"reacao-tardia-ou-ineficiente-do-condutor-e-a-principal-causa-de-acidentes-em","status":"publish","type":"post","link":"https:\/\/noticiasdestaque.com.br\/index.php\/2024\/01\/10\/reacao-tardia-ou-ineficiente-do-condutor-e-a-principal-causa-de-acidentes-em\/","title":{"rendered":"Rea\u00e7\u00e3o tardia ou ineficiente do condutor \u00e9 a principal causa de acidentes em 2023"},"content":{"rendered":"<p>N\u00e3o observar a sinaliza\u00e7\u00e3o na via, deixar de manter a dist\u00e2ncia de seguran\u00e7a do ve\u00edculo \u00e0 frente, distra\u00e7\u00f5es com dispositivos eletr\u00f4nicos e falta de descanso antes da viagem podem comprometer a aten\u00e7\u00e3o do motorista e ainda provocar acidentes. Um levantamento da Pol\u00edcia Rodovi\u00e1ria Federal (PRF) revela que a rea\u00e7\u00e3o tardia ou ineficiente do condutor foi a maior causa de acidentes no tr\u00e2nsito em 2023 com 9.820 ocorr\u00eancias.<\/p>\n<p>Para Celso Mariano, diretor do Portal do Tr\u00e2nsito, os motoristas precisam entender que uma pequena distra\u00e7\u00e3o pode levar a um grave acidente.<\/p>\n<p>\u201cQuando olhamos para as a\u00e7\u00f5es que resultaram em acidentes, n\u00f3s vemos desde condutor que dormiu ao volante at\u00e9 aquelas rea\u00e7\u00f5es tardias ou ineficientes do condutor passando por velocidade incompat\u00edvel por estar dirigindo sob efeito de \u00e1lcool ou outra subst\u00e2ncia psicoativa que altere o comportamento e as capacidades, as sensibilidades do condutor\u201d, destaca.<\/p>\n<p><img decoding=\"async\" alt=\"\" src=\"\/\/s3-sa-east-1.amazonaws.com\/agencia-radio-arb\/5677\/content_tabela_mat\u00e9ria_1-2.jpg\" style=\"width: 100%;\"><\/p>\n<p>Ele ainda acrescenta: \u201cMuitas vezes \u00e9 aquele ve\u00edculo insuspeito de quem a gente imagina que n\u00e3o h\u00e1 riscos que vem \u00e0s vezes um posicionamento errado na via ou adentram a via com velocidade incompat\u00edvel que resulta naquele fator de risco que juntando-se a outros tantos que sempre est\u00e3o presentes resultam em acidentes\u201d, observa.<\/p>\n<p><img decoding=\"async\" alt=\"\" src=\"\/\/s3-sa-east-1.amazonaws.com\/agencia-radio-arb\/5676\/content_tabela_mat\u00e9ria_1-1_(1).jpg\" style=\"width: 100%;\"><\/p>\n<p>Aus\u00eancia de rea\u00e7\u00e3o do condutor \u00e9 a segunda maior causa de acidentes. Acessar a via sem observar a presen\u00e7a de outros ve\u00edculos que v\u00eam logo atr\u00e1s, na terceira posi\u00e7\u00e3o. Condutor que deixou de manter a dist\u00e2ncia do ve\u00edculo da frente est\u00e1 na quarta posi\u00e7\u00e3o seguido por velocidade incompat\u00edvel, manobra de mudan\u00e7a de faixa, ingest\u00e3o de \u00e1lcool pelo condutor, demais falhas mec\u00e2nicas ou el\u00e9tricas, transitar na contram\u00e3o e condutor dormindo ao volante. Essas s\u00e3o as dez principais causas de acidentes de tr\u00e2nsito em 2023, segundo a Pol\u00edcia Rodovi\u00e1ria Federal. <\/p>\n<p>Para o policial rodovi\u00e1rio federal Aristides J\u00fanior, se os motoristas adotarem uma postura mais cautelosa, mais respons\u00e1vel, com mais aten\u00e7\u00e3o, o n\u00famero de acidentes pode ser reduzido.<\/p>\n<p>\u201cO motorista \u00e9 a principal engrenagem em todo o sistema de tr\u00e2nsito. Ele que realmente pode e deve fazer a diferen\u00e7a de uma forma positiva, pois s\u00f3 assim n\u00f3s teremos condi\u00e7\u00f5es de obter redu\u00e7\u00f5es nos n\u00fameros de acidentes e, por consequ\u00eancia, no n\u00famero de feridos e, principalmente, no n\u00famero de mortes\u201d, alerta.<\/p>\n<p>O levantamento da PRF revela que foram registrados 67.626 acidentes, 5.621 mortos e 78.328 feridos no ano passado. De acordo com a institui\u00e7\u00e3o, as informa\u00e7\u00f5es de acidentalidade de 2023 ainda s\u00e3o preliminares e podem sofrer altera\u00e7\u00f5es, uma vez que os dados de dezembro ainda n\u00e3o foram consolidados.\n <\/p>\n<p> Fonte: Brasil61<\/p>\n<input type=\"hidden\" id=\"baseurl\" value=\"https:\/\/noticiasdestaque.com.br\"><input type=\"hidden\" id=\"audio_nonce\" value=\"62ca87eee3\">","protected":false},"excerpt":{"rendered":"<p>Foram 9.820 ocorr\u00eancias, conforme os dados da Pol\u00edcia Rodovi\u00e1ria Federal<\/p>\n","protected":false},"author":1,"featured_media":11890,"comment_status":"open","ping_status":"open","sticky":false,"template":"","format":"standard","meta":{"fifu_image_url":"","fifu_image_alt":"","footnotes":""},"categories":[1],"tags":[106],"class_list":["post-11888","post","type-post","status-publish","format-standard","has-post-thumbnail","hentry","category-uncategorized","tag-brunna-pareja"],"distributor_meta":false,"distributor_terms":false,"distributor_media":false,"distributor_original_site_name":"Noticias em Destaque","distributor_original_site_url":"https:\/\/noticiasdestaque.com.br","push-errors":false,"_links":{"self":[{"href":"https:\/\/noticiasdestaque.com.br\/index.php\/wp-json\/wp\/v2\/posts\/11888","targetHints":{"allow":["GET"]}}],"collection":[{"href":"https:\/\/noticiasdestaque.com.br\/index.php\/wp-json\/wp\/v2\/posts"}],"about":[{"href":"https:\/\/noticiasdestaque.com.br\/index.php\/wp-json\/wp\/v2\/types\/post"}],"author":[{"embeddable":true,"href":"https:\/\/noticiasdestaque.com.br\/index.php\/wp-json\/wp\/v2\/users\/1"}],"replies":[{"embeddable":true,"href":"https:\/\/noticiasdestaque.com.br\/index.php\/wp-json\/wp\/v2\/comments?post=11888"}],"version-history":[{"count":1,"href":"https:\/\/noticiasdestaque.com.br\/index.php\/wp-json\/wp\/v2\/posts\/11888\/revisions"}],"predecessor-version":[{"id":11889,"href":"https:\/\/noticiasdestaque.com.br\/index.php\/wp-json\/wp\/v2\/posts\/11888\/revisions\/11889"}],"wp:featuredmedia":[{"embeddable":true,"href":"https:\/\/noticiasdestaque.com.br\/index.php\/wp-json\/wp\/v2\/media\/11890"}],"wp:attachment":[{"href":"https:\/\/noticiasdestaque.com.br\/index.php\/wp-json\/wp\/v2\/media?parent=11888"}],"wp:term":[{"taxonomy":"category","embeddable":true,"href":"https:\/\/noticiasdestaque.com.br\/index.php\/wp-json\/wp\/v2\/categories?post=11888"},{"taxonomy":"post_tag","embeddable":true,"href":"https:\/\/noticiasdestaque.com.br\/index.php\/wp-json\/wp\/v2\/tags?post=11888"}],"curies":[{"name":"wp","href":"https:\/\/api.w.org\/{rel}","templated":true}]}}